{"359752":{"titulo":"Werley descarta 'fazer contas' sobre rebaixamento e diz: 'Vasco depende s\u00f3 de si'","link":"https:\/\/www.futebolinterior.com.br\/werley-descarta-fazer-contas-sobre-rebaixamento-e-diz-vasco-depende-so-de-si\/","chapeu":"SEMPRE FOCADO","data":"29\/10\/2018","imagem":"https:\/\/images.futebolinterior.com.br\/2021\/04\/0002050351177_img-300x209.jpg","resumo":"Com os \u00faltimos resultados, o time carioca tem 40% de chance de cair, n\u00famero que n\u00e3o assusta o zagueiro"},"359719":{"titulo":"STJD abre processo contra palmeirenses e t\u00e9cnico do Cear\u00e1","link":"https:\/\/www.futebolinterior.com.br\/stjd-abre-processo-contra-palmeirenses-e-tecnico-do-ceara\/","chapeu":"VEJA!","data":"29\/10\/2018","imagem":"https:\/\/images.futebolinterior.com.br\/2021\/04\/0002050351170_img-300x225.jpg","resumo":"A expectativa \u00e9 que Deyverson, do Palmeiras, pegue a maio puni\u00e7\u00e3o entre os citados"},"359738":{"titulo":"Paran\u00e1 ter\u00e1 que pagar R$ 260 a zagueiro por d\u00edvida trabalhista","link":"https:\/\/www.futebolinterior.com.br\/parana-tera-que-pagar-r-260-a-zagueiro-por-divida-trabalhista\/","chapeu":"MAIS ESSA!","data":"29\/10\/2018","imagem":"https:\/\/images.futebolinterior.com.br\/2021\/04\/0002050351160_img-300x169.jpg","resumo":"Jo\u00e3o Paulo ganhou uma a\u00e7\u00e3o contra o time paranaense, que corria desde 2016"},"359746":{"titulo":"Na mira do S\u00e3o Paulo, Vanderlei tem perman\u00eancia garantida pelo Santos em 2019","link":"https:\/\/www.futebolinterior.com.br\/na-mira-do-sao-paulo-vanderlei-tem-permanencia-garantida-pelo-santos-em-2019\/","chapeu":"ELE FICA","data":"29\/10\/2018","imagem":"https:\/\/images.futebolinterior.com.br\/2021\/04\/0002050351157_img-300x201.jpg","resumo":"O camisa 1 \u00e9 titular absoluto do Peixe h\u00e1 quatro anos e tem contrato at\u00e9 2020"},"359766":{"titulo":"Bryan Ruiz festeja momento e agradece confian\u00e7a do t\u00e9cnico Cuca","link":"https:\/\/www.futebolinterior.com.br\/bryan-ruiz-festeja-momento-e-agradece-confianca-do-tecnico-cuca\/","chapeu":"T\u00c1 FELIZ","data":"29\/10\/2018","imagem":"https:\/\/images.futebolinterior.com.br\/2021\/04\/0002050351134_img-300x211.jpg","resumo":"O costarriquenho precisou de apenas 20 minutos para participar de dois gols diante do Fluminense"},"359780":{"titulo":"S\u00e3o Paulo e Botafogo lamentam assassinato do meia Daniel","link":"https:\/\/www.futebolinterior.com.br\/sao-paulo-e-botafogo-lamentam-assassinato-do-meia-daniel\/","chapeu":"TRISTEZA","data":"29\/10\/2018","imagem":"https:\/\/images.futebolinterior.com.br\/2021\/04\/0002050351121_img-300x183.jpg","resumo":"O jogador foi encontrado morto em Curitiba e o corpo apresentava sinais de tortura"},"359801":{"titulo":"Presidente do Am\u00e9rica-MG esclarece confus\u00e3o ap\u00f3s derrota para Chape: \"Houve provoca\u00e7\u00f5es\"","link":"https:\/\/www.futebolinterior.com.br\/presidente-do-america-mg-esclarece-confusao-apos-derrota-para-chape-houve-provocacoes\/","chapeu":"VERS\u00c3O!","data":"29\/10\/2018","imagem":"https:\/\/images.futebolinterior.com.br\/2021\/04\/0002050351105_img-300x225.jpg","resumo":"Presidente do Am\u00e9rica-MG, Marcus Salum esclarece confus\u00e3o ap\u00f3s derrota para Chape: \"Houve provoca\u00e7\u00f5es\""},"359806":{"titulo":"Ap\u00f3s duas vit\u00f3rias, Milton Mendes minimiza sal\u00e1rios atrasados no Sport","link":"https:\/\/www.futebolinterior.com.br\/apos-duas-vitorias-milton-mendes-minimiza-salarios-atrasados-no-sport\/","chapeu":"SEM PRESS\u00c3O","data":"29\/10\/2018","imagem":"https:\/\/images.futebolinterior.com.br\/2021\/04\/0002050351100_img-300x206.jpg","resumo":"No dia 5 de janeiro, os jogadores v\u00e3o completar dois meses sem receber, mas a diretoria espera pagar pelo menos um nesta semana"},"359814":{"titulo":"Atl\u00e9tico-MG encara Cear\u00e1 para diminuir press\u00e3o dos torcedores","link":"https:\/\/www.futebolinterior.com.br\/atletico-mg-encara-ceara-para-diminuir-pressao-dos-torcedores\/","chapeu":"FIM DO JEJUM?","data":"29\/10\/2018","imagem":"https:\/\/images.futebolinterior.com.br\/2021\/04\/0002050351098_img-300x202.jpg","resumo":"O Galo n\u00e3o ganha h\u00e1 tr\u00eas partidas e est\u00e1 com a vaga na Libertadores amea\u00e7ado"},"359819":{"titulo":"Cear\u00e1 x Atl\u00e9tico-MG - Objetivos diferentes em jogo!","link":"https:\/\/www.futebolinterior.com.br\/ceara-x-atletico-mg-objetivos-diferentes-em-jogo\/","chapeu":"QUEM LEVA?","data":"28\/10\/2018","imagem":"https:\/\/images.futebolinterior.com.br\/2021\/04\/0002050351095_img-300x200.jpg","resumo":"O Voz\u00e3o pode se distanciar da zona de rebaixamento e o Galo est\u00e1 com a vaga na Libertadores amea\u00e7ada"}}