{"358268":{"titulo":"Char\u00e1 pede 'sacrif\u00edcio' no Atl\u00e9tico-MG e confia em vit\u00f3ria sobre o Palmeiras","link":"https:\/\/www.futebolinterior.com.br\/chara-pede-sacrificio-no-atletico-mg-e-confia-em-vitoria-sobre-o-palmeiras\/","chapeu":"COM TUDO","data":"05\/11\/2018","imagem":"https:\/\/images.futebolinterior.com.br\/2021\/04\/0002050352694_img-300x200.jpg","resumo":"O lateral Emerson tamb\u00e9m mostrou-se confiante, mas exaltou a import\u00e2ncia da torcida na busca pela vit\u00f3ria"},"358279":{"titulo":"Ap\u00f3s derrota contra Bahia, Chapecoense ter\u00e1 refor\u00e7os contra Santos","link":"https:\/\/www.futebolinterior.com.br\/apos-derrota-contra-bahia-chapecoense-tera-reforcos-contra-santos\/","chapeu":"OPA!","data":"05\/11\/2018","imagem":"https:\/\/images.futebolinterior.com.br\/2021\/04\/0002050352684_img-300x227.jpg","resumo":"Mario Ara\u00fajo e Elicarlos est\u00e3o recuperados de les\u00e3o e podem voltar ao time titular"},"358284":{"titulo":"Washington assume lugar de Onyx como deputado e apoiar\u00e1 pauta de Bolsonaro","link":"https:\/\/www.futebolinterior.com.br\/washington-assume-lugar-de-onyx-como-deputado-e-apoiara-pauta-de-bolsonaro\/","chapeu":"Ex-Ponte e S\u00e3o ","data":"05\/11\/2018","imagem":"https:\/\/images.futebolinterior.com.br\/2021\/04\/0002050352680_img-300x213.jpg","resumo":"O ex-atacante era suplente na coliga\u00e7\u00e3o do DEM, partido de Lorenzoni. Ele foi candidato \u00e0 C\u00e2mara em 2014 pelo PDT"},"358325":{"titulo":"Luan inicia recupera\u00e7\u00e3o, mas desfalcar\u00e1 S\u00e3o Paulo no cl\u00e1ssico contra o Corinthians","link":"https:\/\/www.futebolinterior.com.br\/luan-inicia-recuperacao-mas-desfalcara-sao-paulo-no-classico-contra-o-corinthians\/","chapeu":"DESFALQUE!","data":"05\/11\/2018","imagem":"https:\/\/images.futebolinterior.com.br\/2021\/04\/0002050352662_img-300x193.jpg","resumo":"Substitu\u00eddo durante a partida, o volante Luan n\u00e3o teve detectada les\u00e3o mais grave em seu tornozelo direito, por\u00e9m, o jogador de 19 anos ficar\u00e1 afastado para tratamento"},"358347":{"titulo":"Dod\u00f4 celebra momento no Santos e mant\u00e9m confian\u00e7a em vaga na Libertadores","link":"https:\/\/www.futebolinterior.com.br\/dodo-celebra-momento-no-santos-e-mantem-confianca-em-vaga-na-libertadores\/","chapeu":"ACREDITANDO!","data":"05\/11\/2018","imagem":"https:\/\/images.futebolinterior.com.br\/2021\/04\/0002050352648_img-300x200.jpg","resumo":"Um dos destaques do Santos no Campeonato Brasileiro, o lateral-esquerdo Dod\u00f4 coroou o bom momento vivido com o gol marcado na derrota de s\u00e1bado para o Palmeiras, por 3 a 2, fora"},"358337":{"titulo":"Paran\u00e1 pode ter rebaixamento decretado ainda nesta segunda-feira","link":"https:\/\/www.futebolinterior.com.br\/parana-pode-ter-rebaixamento-decretado-ainda-nesta-segunda-feira\/","chapeu":"VAI CAIR?","data":"05\/11\/2018","imagem":"https:\/\/images.futebolinterior.com.br\/2021\/04\/0002050352645_img-300x169.jpg","resumo":"O rebaixamento do Paran\u00e1 para a S\u00e9rie B do Campeonato Brasileiro pode ser confirmado ainda nesta segunda-feira, caso o Sport ven\u00e7a o Cear\u00e1, \u00e0s 20h"},"358380":{"titulo":"Recuperado, L\u00e9o se diz pronto para defender o Flu por 90 minutos na quarta","link":"https:\/\/www.futebolinterior.com.br\/recuperado-leo-se-diz-pronto-para-defender-o-flu-por-90-minutos-na-quarta\/","chapeu":"DE VOLTA?","data":"05\/11\/2018","imagem":0,"resumo":"Recuperado de contus\u00e3o, o lateral-direito L\u00e9o garantiu estar pronto para ser titular e atuar durante toda a partida de quarta-feira diante do Atl\u00e9tico-PR, na Arena da Baixada"},"358379":{"titulo":"Sul-Americana: Ainda em Porto Alegre, Atl\u00e9tico-PR inicia treinos para semifinal","link":"https:\/\/www.futebolinterior.com.br\/sul-americana-ainda-em-porto-alegre-atletico-pr-inicia-treinos-para-semifinal\/","chapeu":"PRA VALER!","data":"05\/11\/2018","imagem":"https:\/\/images.futebolinterior.com.br\/2021\/04\/0002050352627_img-300x169.jpg","resumo":"Doze horas depois de perder para o Internacional, pelo Campeonato Brasileiro, o time do Atl\u00e9tico-PR j\u00e1 iniciou, nesta segunda-feira, sua prepara\u00e7\u00e3o para o primeiro jogo da semi"},"358394":{"titulo":"Torcedores do Flamengo protagonizam porradaria no Morumbi. Assista!","link":"https:\/\/www.futebolinterior.com.br\/torcedores-do-flamengo-protagonizam-porradaria-no-morumbi-assista\/","chapeu":"VELHA HIST\u00d3RIA","data":"05\/11\/2018","imagem":"https:\/\/images.futebolinterior.com.br\/2021\/04\/0002050352616_img-300x188.jpg","resumo":"Confus\u00e3o nas arquibancadas foi relatada pelo \u00e1rbitro Wilton Pereira Sampaio"},"358406":{"titulo":"Sid\u00e3o garante n\u00e3o estar inseguro ap\u00f3s voltar ao gol do S\u00e3o Paulo","link":"https:\/\/www.futebolinterior.com.br\/sidao-garante-nao-estar-inseguro-apos-voltar-ao-gol-do-sao-paulo\/","chapeu":"CONFIANTE!","data":"05\/11\/2018","imagem":"https:\/\/images.futebolinterior.com.br\/2021\/04\/0002050352614_img-300x210.jpg","resumo":"O goleiro se mostrou confiante quando foi perguntado, na zona mista, se estava se sentindo inseguro"}}