{"358412":{"titulo":"Com semana livre, Corinthians espera recuperar Jadson e Douglas para o cl\u00e1ssico","link":"https:\/\/www.futebolinterior.com.br\/com-semana-livre-corinthians-espera-recuperar-jadson-e-douglas-para-o-classico\/","chapeu":"AO TRABALHO","data":"05\/11\/2018","imagem":"https:\/\/images.futebolinterior.com.br\/2021\/04\/0002050352610_img-300x200.jpg","resumo":"Dupla desfalcou a equipe na derrota por 1 a 0 para o Botafogo no \u00faltimo domingo, tamb\u00e9m pelo Brasileir\u00e3o"},"358418":{"titulo":"Botafogo v\u00ea cl\u00e1ssico como chance para confirmar rea\u00e7\u00e3o no Brasileiro","link":"https:\/\/www.futebolinterior.com.br\/botafogo-ve-classico-como-chance-para-confirmar-reacao-no-brasileiro\/","chapeu":"EVOLUINDO","data":"05\/11\/2018","imagem":"https:\/\/images.futebolinterior.com.br\/2021\/04\/0002050352609_img-300x191.png","resumo":"Z\u00e9 Ricardo confia que o time tenha atingido maturidade para poder segurar o resultado positivo contra o Corinthians"},"358393":{"titulo":"Em duelo de seis pontos contra Z4, Sport defende tabu contra o Cear\u00e1","link":"https:\/\/www.futebolinterior.com.br\/em-duelo-de-seis-pontos-contra-z4-sport-defende-tabu-contra-o-ceara\/","chapeu":"TEM TABU","data":"05\/11\/2018","imagem":"https:\/\/images.futebolinterior.com.br\/2021\/04\/0002050352612_img-300x166.jpg","resumo":"O retrospecto \u00e9 favor\u00e1vel aos pernambucanos. S\u00e3o 13 vit\u00f3rias rubro-negras, contra nove do Vov\u00f4, al\u00e9m de sete empates"},"358506":{"titulo":"Sport x Cear\u00e1 - Duelo de seis pontos no Brasileiro com a Ilha do Retiro lotada","link":"https:\/\/www.futebolinterior.com.br\/sport-x-ceara-duelo-de-seis-pontos-no-brasileiro-com-a-ilha-do-retiro-lotada\/","chapeu":"VALE 6 PONTOS","data":"05\/11\/2018","imagem":"https:\/\/images.futebolinterior.com.br\/2021\/04\/0002050352450_img-300x136.jpg","resumo":"No banco de reservas, acontece o duelo de dois t\u00e9cnicos que t\u00eam sido protagonistas: Milton Mendes, do time pernambucano, e Lisca, do cearense."},"358400":{"titulo":"Palmeiras tem tudo para ganhar o Brasileir\u00e3o","link":"https:\/\/www.futebolinterior.com.br\/palmeiras-tem-tudo-para-ganhar-o-brasileirao\/","chapeu":"OPINI\u00c3O","data":"05\/11\/2018","imagem":"https:\/\/images.futebolinterior.com.br\/2021\/04\/0002050352601_img-300x169.jpg","resumo":" Inter ainda est\u00e1 cinco pontos atr\u00e1s do Verd\u00e3o que, por tudo que tem acontecido, me parece, ser mesmo o grande favorito ao t\u00edtulo "},"358414":{"titulo":"Marcus Salum invade campo ap\u00f3s jogo: \"Fomos assaltados\"","link":"https:\/\/www.futebolinterior.com.br\/marcus-salum-invade-campo-apos-jogo-fomos-assaltados\/","chapeu":"POL\u00caMICA","data":"05\/11\/2018","imagem":"https:\/\/images.futebolinterior.com.br\/2021\/04\/0002050352597_img-300x176.jpg","resumo":"O t\u00e9cnico Adilson Batista e os jogadores do Coelho tamb\u00e9m reclamaram da arbitragem"},"358416":{"titulo":"Meia do S\u00e3o Paulo \u00e9 mais um a homenagear presidente eleito","link":"https:\/\/www.futebolinterior.com.br\/meia-do-sao-paulo-e-mais-um-a-homenagear-presidente-eleito\/","chapeu":"POL\u00caMICO!","data":"05\/11\/2018","imagem":"https:\/\/images.futebolinterior.com.br\/2021\/04\/0002050352595_img-300x168.jpg","resumo":"Assim como muitos outros atletas j\u00e1 fizeram, Diego Souza declarou apoio a Jair Bolsonaro"},"358424":{"titulo":"De volta \u00e0 vice-lideran\u00e7a, Inter sonha com a reviravolta no campeonato","link":"https:\/\/www.futebolinterior.com.br\/de-volta-a-vice-lideranca-inter-sonha-com-a-reviravolta-no-campeonato\/","chapeu":"AINDA D\u00c1?","data":"05\/11\/2018","imagem":"https:\/\/images.futebolinterior.com.br\/2021\/04\/0002050352592_img-300x194.jpg","resumo":"A desvantagem de cinco pontos na classifica\u00e7\u00e3o do Campeonato Brasileiro para o Palmeiras n\u00e3o tira o entusiasmo de Odair Hellmann"},"358428":{"titulo":"'Objetivo era voltar \u00e0 Libertadores', diz t\u00e9cnico do S\u00e3o Paulo","link":"https:\/\/www.futebolinterior.com.br\/objetivo-era-voltar-a-libertadores-diz-tecnico-do-sao-paulo\/","chapeu":"QUISERAM MUITO?","data":"05\/11\/2018","imagem":"https:\/\/images.futebolinterior.com.br\/2021\/04\/0002050352591_img-300x200.jpg","resumo":"O uruguaio Diego Aguirre comentou que, na verdade, a expectativa do t\u00edtulo que acabou sendo grande demais."},"358430":{"titulo":"Cear\u00e1 encara confronto direto para ficar mais distante da zona de rebaixamento","link":"https:\/\/www.futebolinterior.com.br\/ceara-encara-confronto-direto-para-ficar-mais-distante-da-zona-de-rebaixamento\/","chapeu":"MANO A MANO!","data":"05\/11\/2018","imagem":"https:\/\/images.futebolinterior.com.br\/2021\/04\/0002050352590_img-300x200.jpg","resumo":"O Cear\u00e1 enfrenta o Sport nesta segunda-feira, \u00e0s 20 horas (de Bras\u00edlia), no est\u00e1dio da Ilha do Retiro, no Recife, pela 32.\u00aa rodada do Campeonato Brasileiro"}}