{"358204":{"titulo":"Corinthians vive drama no ataque e convive com risco de queda no Brasileir\u00e3o","link":"https:\/\/www.futebolinterior.com.br\/corinthians-vive-drama-no-ataque-e-convive-com-risco-de-queda-no-brasileirao\/","chapeu":"VISH","data":"06\/11\/2018","imagem":"https:\/\/images.futebolinterior.com.br\/2021\/04\/0002050352777_img-300x169.jpg","resumo":"O t\u00e9cnico Jair Ventura tem priorizado nos trabalhos a sa\u00edda de bola, o posicionamento ofensivo, as conclus\u00f5es a gol"},"358208":{"titulo":"BRASILEIR\u00c3O: Veja a CLASSIFICA\u00c7\u00c3O atualizada ap\u00f3s t\u00e9rmino da 32.\u00aa rodada. Clique!","link":"https:\/\/www.futebolinterior.com.br\/brasileirao-veja-a-classificacao-atualizada-apos-termino-da-32-a-rodada-clique\/","chapeu":"OLHA COMO FICOU","data":"05\/11\/2018","imagem":"https:\/\/images.futebolinterior.com.br\/2021\/04\/0002050352773_img-300x140.jpg","resumo":"Tem time que saiu e tem time que entrou na zona de rebaixamento. Saiu tamb\u00e9m o primeiro rebaixado \u00e0 S\u00e9rie B"},"358210":{"titulo":"\"N\u00e3o tem nada perdido\", avisa atacante do Cear\u00e1 ap\u00f3s derrota contra Sport","link":"https:\/\/www.futebolinterior.com.br\/nao-tem-nada-perdido-avisa-atacante-do-ceara-apos-derrota-contra-sport\/","chapeu":"FALOU!","data":"05\/11\/2018","imagem":"https:\/\/images.futebolinterior.com.br\/2021\/04\/0002050352748_img-300x200.jpg","resumo":"Na noite desta segunda-feira, o Voz\u00e3o acabou perdendo para o Le\u00e3o por 1 a 0"},"358255":{"titulo":"Ainda lamentando empate, Flamengo volta aos treinos mirando o cl\u00e1ssico","link":"https:\/\/www.futebolinterior.com.br\/ainda-lamentando-empate-flamengo-volta-aos-treinos-mirando-o-classico\/","chapeu":"VAI QUE VAI!","data":"05\/11\/2018","imagem":"https:\/\/images.futebolinterior.com.br\/2021\/04\/0002050352747_img-300x200.jpg","resumo":"Os jogadores que foram titulares diante do S\u00e3o Paulo ficaram na parte interna, na academia, realizando atividade regenerativa"},"358217":{"titulo":"\"Sport merece jogar e ficar na S\u00e9rie A\u201d, diz autor do gol contra Cear\u00e1","link":"https:\/\/www.futebolinterior.com.br\/sport-merece-jogar-e-ficar-na-serie-a-diz-autor-do-gol-contra-ceara\/","chapeu":"VAI QUE VAI!","data":"05\/11\/2018","imagem":"https:\/\/images.futebolinterior.com.br\/2021\/04\/0002050352745_img-300x200.jpg","resumo":"Gabriel brilhou na vit\u00f3ria por 1 a 0 diante do Voz\u00e3o, resultado que tirou o time da zona de rebaixamento"},"358253":{"titulo":"Sele\u00e7\u00e3o FI do Brasileir\u00e3o com Dudu, Brocador, Geromel e outras feras","link":"https:\/\/www.futebolinterior.com.br\/selecao-fi-do-brasileirao-com-dudu-brocador-geromel-e-outras-feras\/","chapeu":"QUE TIME!","data":"05\/11\/2018","imagem":"https:\/\/images.futebolinterior.com.br\/2021\/04\/0002050352709_img-300x200.jpg","resumo":"O t\u00e9cnico escolhido para comandar a equipe foi Alberto Valentim, do Vasco da Gama"},"358231":{"titulo":"Paran\u00e1 pode ter a segunda pior campanha dos pontos corridos","link":"https:\/\/www.futebolinterior.com.br\/parana-pode-ter-a-segunda-pior-campanha-dos-pontos-corridos\/","chapeu":"ENTENDA!","data":"05\/11\/2018","imagem":"https:\/\/images.futebolinterior.com.br\/2021\/04\/0002050352724_img-300x200.jpg","resumo":"Desde 2006, quando o torneio vem sendo disputado por 20 clubes, apenas o Am\u00e9rica-RN fez uma campanha, at\u00e9 o momento, abaixo do Tricolor"},"358238":{"titulo":"Mulher de 'Juninho Riqueza' confirma que sofreu ass\u00e9dio sexual por parte de Daniel","link":"https:\/\/www.futebolinterior.com.br\/mulher-de-juninho-riqueza-confirma-que-sofreu-assedio-sexual-por-parte-de-daniel\/","chapeu":"HIST\u00d3RIA SUJA ","data":"05\/11\/2018","imagem":"https:\/\/images.futebolinterior.com.br\/2021\/04\/0002050352722_img-300x282.jpg","resumo":"Cristiane diz que estava embriagada e acordou com Daniel em cima dela. Da\u00ed come\u00e7ou a gritar por socorro."},"358241":{"titulo":"Sport 1 x 0 Cear\u00e1 - Le\u00e3o vence, sair do Z4 e rebaixa o Paran\u00e1","link":"https:\/\/www.futebolinterior.com.br\/sport-1-x-0-ceara-leao-vence-sair-do-z4-e-rebaixa-o-parana\/","chapeu":"UM J\u00c1 FOI!","data":"05\/11\/2018","imagem":0,"resumo":"O time paraense \u00e9 o primeiro time rebaixado \u00e0 S\u00e9rie B de 2019"},"358307":{"titulo":"Com julgamento adiado, Deyverson est\u00e1 livre para enfrentar o Atl\u00e9tico-MG","link":"https:\/\/www.futebolinterior.com.br\/com-julgamento-adiado-deyverson-esta-livre-para-enfrentar-o-atletico-mg\/","chapeu":"BOA NOT\u00cdCIA","data":"05\/11\/2018","imagem":"https:\/\/images.futebolinterior.com.br\/2021\/04\/0002050352700_img-205x300.jpg","resumo":"A nova data n\u00e3o foi definida na sess\u00e3o desta segunda-feira da Primeira Comiss\u00e3o Disciplinar, no Rio de Janeiro"}}