{"502426":{"titulo":"ESPECIAL BRAZUCAS NA CHINA: O \"Rei da China\", chuva de milh\u00f5es e Brasileir\u00e3o \u00e9 alvo","link":"https:\/\/www.futebolinterior.com.br\/especial-brazucas-na-china-o-rei-da-china-chuva-de-milhoes-e-brasileirao-e-alvo\/","chapeu":"O \"FAZ ME RIR\"!","data":"31\/12\/2016","imagem":"https:\/\/images.futebolinterior.com.br\/2021\/04\/0002050216691_img-300x205.jpg","resumo":"Al\u00e9m do ex-cruzeirense Ricardo Goulart ser o rei do pa\u00eds, o futebol chin\u00eas levou Oscar e Hulk por altos valores e rouba do \"Brasileir\u00e3o"},"502947":{"titulo":"ESPECIAL COPA DAS CONFEDERA\u00c7\u00d5ES: Sele\u00e7\u00e3o Brasileira relembra o mundo o peso da amarelinha","link":"https:\/\/www.futebolinterior.com.br\/especial-copa-das-confederacoes-selecao-brasileira-relembra-o-mundo-o-peso-da-amarelinha\/","chapeu":"F\u00daRIA CANARINHA","data":"31\/12\/2016","imagem":"https:\/\/images.futebolinterior.com.br\/2021\/04\/0002050216648_img-300x168.png","resumo":"Com autoridade e goleada na Espanha, o Brasil conquistou a competi\u00e7\u00e3o pela quarta vez e fez o pa\u00eds crer no hexa "},"503715":{"titulo":"Carioca: Vasco quer Allione, do Palmeiras, e zagueiro Luccas Claro, do Coritiba","link":"https:\/\/www.futebolinterior.com.br\/carioca-vasco-quer-allione-do-palmeiras-e-zagueiro-luccas-claro-do-coritiba\/","chapeu":"MERCADO!","data":"26\/12\/2016","imagem":"https:\/\/images.futebolinterior.com.br\/2021\/04\/0002050216077_img-300x190.jpg","resumo":"O meia j\u00e1 mostrou desejo em permanecer no Brasil. Jogador do Coxa viu com bons olhos mudan\u00e7a para o Rio de Janeiro"},"504609":{"titulo":"Paulist\u00e3o: Cueva exalta 'fam\u00edlia' no S\u00e3o Paulo e celebra adapta\u00e7\u00e3o ao Brasil","link":"https:\/\/www.futebolinterior.com.br\/paulistao-cueva-exalta-familia-no-sao-paulo-e-celebra-adaptacao-ao-brasil\/","chapeu":"T\u00c1 FELIZ","data":"25\/12\/2016","imagem":"https:\/\/images.futebolinterior.com.br\/2021\/04\/0002050215992_img-300x208.jpg","resumo":"Contratado durante a temporada, o meia Cueva viveu seus primeiros meses no futebol brasileiro em 2016"},"503856":{"titulo":"Mineiro: Cruzeiro pode surpreender e anunciar ex-meia do Corinthians","link":"https:\/\/www.futebolinterior.com.br\/mineiro-cruzeiro-pode-surpreender-e-anunciar-ex-meia-do-corinthians\/","chapeu":"MERCADO","data":"25\/12\/2016","imagem":"https:\/\/images.futebolinterior.com.br\/2021\/04\/0002050215988_img-300x189.jpg","resumo":"O meia Jadson, ex-Corinthians e S\u00e3o Paulo, pode estar voltando ao futebol brasileiro, mais precisamente para o estado de Minas Gerais"},"504620":{"titulo":"Ramiro visita Follmann no hospital: 'Meu maior presente de Natal'","link":"https:\/\/www.futebolinterior.com.br\/ramiro-visita-follmann-no-hospital-meu-maior-presente-de-natal\/","chapeu":"BONITO!","data":"25\/12\/2016","imagem":"https:\/\/images.futebolinterior.com.br\/2021\/04\/0002050215984_img-300x169.jpg","resumo":"O volante Ramiro, do Gr\u00eamio, aproveitou o fim de semana de Natal para fazer uma visita mais do que especial"},"503391":{"titulo":"Paulist\u00e3o: Neilton reverencia Ceni e projeta: 'Trabalhar com ele ser\u00e1 um sonho'","link":"https:\/\/www.futebolinterior.com.br\/paulistao-neilton-reverencia-ceni-e-projeta-trabalhar-com-ele-sera-um-sonho\/","chapeu":"FELIZ","data":"25\/12\/2016","imagem":"https:\/\/images.futebolinterior.com.br\/2021\/04\/0002050215983_img-300x191.jpg","resumo":"Novo refor\u00e7o do S\u00e3o Paulo para o ano que vem, o atacante Neilton n\u00e3o escondeu a felicidade pelo acordo com o clube"},"503782":{"titulo":"Paulist\u00e3o: Valores assustam e negocia\u00e7\u00e3o de Ricardo Goulart com S\u00e3o Paulo esfria","link":"https:\/\/www.futebolinterior.com.br\/paulistao-valores-assustam-e-negociacao-de-ricardo-goulart-com-sao-paulo-esfria\/","chapeu":"ASSUSTOU!","data":"25\/12\/2016","imagem":"https:\/\/images.futebolinterior.com.br\/2021\/04\/0002050215982_img-300x199.jpg","resumo":"As negocia\u00e7\u00f5es entre o S\u00e3o Paulo e o meia Ricardo Goulart parecem ter esfriado"},"503786":{"titulo":"Carioca: Vasco anuncia o meia Escudero como primeiro refor\u00e7o para 2017","link":"https:\/\/www.futebolinterior.com.br\/carioca-vasco-anuncia-o-meia-escudero-como-primeiro-reforco-para-2017\/","chapeu":"CHEGOU","data":"25\/12\/2016","imagem":"https:\/\/images.futebolinterior.com.br\/2021\/04\/0002050215980_img-300x300.png","resumo":"O Vasco anunciou nas primeiras horas deste domingo seu primeiro refor\u00e7o para a temporada 2017"},"504919":{"titulo":"ESPECIAL BRASILEIR\u00c3O: Cheirinho? Que nada! Palmeiras \u00e9 enea e Chape eterna","link":"https:\/\/www.futebolinterior.com.br\/especial-brasileirao-cheirinho-que-nada-palmeiras-e-enea-e-chape-eterna\/","chapeu":"TUDO VERDE!","data":"24\/12\/2016","imagem":"https:\/\/images.futebolinterior.com.br\/2021\/04\/0002050215836_img-300x201.jpg","resumo":"Verd\u00e3o bate Santos e Flamengo para ficar com o t\u00edtulo ap\u00f3s 22 anos. Fatalidade com clube catarinense comove o pa\u00eds"}}