{"503942":{"titulo":"Paulist\u00e3o: Palmeiras quer meia do S\u00e3o Paulo, mas aguarda rescis\u00e3o","link":"https:\/\/www.futebolinterior.com.br\/paulistao-palmeiras-quer-meia-do-sao-paulo-mas-aguarda-rescisao\/","chapeu":"MERCADO","data":"23\/12\/2016","imagem":"https:\/\/images.futebolinterior.com.br\/2021\/04\/0002050215818_img-300x157.jpg","resumo":"O Palmeiras voltou a investir na contrata\u00e7\u00e3o do meia Michel Bastos, do S\u00e3o Paulo, mas dessa vez sem colocar nenhum jogador em troca"},"504042":{"titulo":"Paulist\u00e3o: Ponte Preta mostra interesse por experiente zagueiro do Vasco","link":"https:\/\/www.futebolinterior.com.br\/paulistao-ponte-preta-mostra-interesse-por-experiente-zagueiro-do-vasco\/","chapeu":"VEM PRA C\u00c1","data":"23\/12\/2016","imagem":"https:\/\/images.futebolinterior.com.br\/2021\/04\/0002050215802_img-300x200.jpg","resumo":"A Ponte Preta trabalha nesta pr\u00e9-temporada com um objetivo tra\u00e7ado: o t\u00edtulo do Campeonato Paulista de 2017"},"503595":{"titulo":"Corinthians oferece goleiro, mas Chapecoense barra contrata\u00e7\u00e3o","link":"https:\/\/www.futebolinterior.com.br\/corinthians-oferece-goleiro-mas-chapecoense-barra-contratacao\/","chapeu":"NADA DISSO","data":"23\/12\/2016","imagem":"https:\/\/images.futebolinterior.com.br\/2021\/04\/0002050215789_img-300x200.jpg","resumo":"O Corinthians at\u00e9 que tentou, mas a Chapecoense j\u00e1 avisou que n\u00e3o quer \u2018jogadores\u2019 encostados para a pr\u00f3xima temporada"},"504091":{"titulo":"Time paraguaio encerra negocia\u00e7\u00f5es com o S\u00e3o Paulo por jovem atacante","link":"https:\/\/www.futebolinterior.com.br\/time-paraguaio-encerra-negociacoes-com-o-sao-paulo-por-jovem-atacante\/","chapeu":"ACABOU","data":"22\/12\/2016","imagem":"https:\/\/images.futebolinterior.com.br\/2021\/04\/0002050215707_img-300x224.jpg","resumo":"O Nacional do Paraguai encerrou nesta quinta-feira a negocia\u00e7\u00e3o do atacante Colm\u00e1n com o S\u00e3o Paulo"},"504132":{"titulo":"Ap\u00f3s pol\u00eamica por ofensa ao S\u00e3o Paulo, Neilton pede desculpas nas redes sociais","link":"https:\/\/www.futebolinterior.com.br\/apos-polemica-por-ofensa-ao-sao-paulo-neilton-pede-desculpas-nas-redes-sociais\/","chapeu":"EITA!","data":"22\/12\/2016","imagem":"https:\/\/images.futebolinterior.com.br\/2021\/04\/0002050215686_img-300x137.jpg","resumo":"O Tricolor cancelou o acerto com o atacante Getterson, no meio do ano, por situa\u00e7\u00e3o semelhante"},"504761":{"titulo":"S\u00e3o Paulo quer retorno de C\u00edcero e sugere troca ao Fluminense","link":"https:\/\/www.futebolinterior.com.br\/sao-paulo-quer-retorno-de-cicero-e-sugere-troca-ao-fluminense\/","chapeu":"UIA!","data":"20\/12\/2016","imagem":"https:\/\/images.futebolinterior.com.br\/2021\/04\/0002050215310_img-300x183.jpg","resumo":"Wellington interessa ao Tricolor e foi um pedido do pr\u00f3prio t\u00e9cnico Abel Braga"},"504770":{"titulo":"T\u00e9cnicos consagrados perdem espa\u00e7o e uma nova gera\u00e7\u00e3o pede passagem no Brasil","link":"https:\/\/www.futebolinterior.com.br\/tecnicos-consagrados-perdem-espaco-e-uma-nova-geracao-pede-passagem-no-brasil\/","chapeu":"MUDAN\u00c7AS","data":"20\/12\/2016","imagem":"https:\/\/images.futebolinterior.com.br\/2021\/04\/0002050215306_img-300x207.jpg","resumo":"Roger Machado, de 41 anos, chega ao Atl\u00e9tico Mineiro cheio de moral, assim como Jair Ventura, de 37, que assumiu o Botafogo"},"505514":{"titulo":"Contestado, Marlone pode trocar o Corinthians por rival do Brasileir\u00e3o","link":"https:\/\/www.futebolinterior.com.br\/contestado-marlone-pode-trocar-o-corinthians-por-rival-do-brasileirao\/","chapeu":"VAI PRA ONDE?","data":"19\/12\/2016","imagem":"https:\/\/images.futebolinterior.com.br\/2021\/04\/0002050215270_img-300x200.jpg","resumo":"O meia de 24 anos chamou aten\u00e7\u00e3o este ano com um gola\u00e7o na Libertadores, mas n\u00e3o se salvou da fraca campanha no segundo semestre"},"504328":{"titulo":"Paulist\u00e3o: Raphael Veiga \u00e9 anunciado no Palmeiras e revela ser torcedor do clube","link":"https:\/\/www.futebolinterior.com.br\/paulistao-raphael-veiga-e-anunciado-no-palmeiras-e-revela-ser-torcedor-do-clube\/","chapeu":"CHEGOU","data":"19\/12\/2016","imagem":"https:\/\/images.futebolinterior.com.br\/2021\/04\/0002050215257_img-300x225.jpg","resumo":"O Palmeiras anunciou nesta segunda-feira a contrata\u00e7\u00e3o do meia Raphael Veiga"},"504781":{"titulo":"S\u00e3o Paulo oficializa a contrata\u00e7\u00e3o do goleiro Sid\u00e3o, ex-Botafogo e Audax","link":"https:\/\/www.futebolinterior.com.br\/sao-paulo-oficializa-a-contratacao-do-goleiro-sidao-ex-botafogo-e-audax\/","chapeu":"CHEGOU","data":"19\/12\/2016","imagem":"https:\/\/images.futebolinterior.com.br\/2021\/04\/0002050215242_img-300x193.jpg","resumo":"O S\u00e3o Paulo anunciou oficialmente nesta segunda-feira a contrata\u00e7\u00e3o do goleiro Sid\u00e3o. Um dos destaques do Botafogo nesta temporada, o jogador assinou contrato at\u00e9 2018 "}}