{"498717":{"titulo":"Sport apresenta Raul Prata e anuncia ex-atacante de Vit\u00f3ria e Internacional","link":"https:\/\/www.futebolinterior.com.br\/sport-apresenta-raul-prata-e-anuncia-ex-atacante-de-vitoria-e-internacional\/","chapeu":"REFOR\u00c7OS!","data":"19\/01\/2017","imagem":"https:\/\/images.futebolinterior.com.br\/2021\/04\/0002050219539_img-300x153.jpg","resumo":"Marquinhos, de 27 anos, atacante que atuou pelo Internacional na \u00faltima temporada, tem contrato assinado e j\u00e1 trabalha com o elenco"},"499221":{"titulo":"Com Diego, Rodriguinho e Diego Souza, Tite convoca sele\u00e7\u00e3o para jogo com a Col\u00f4mbia","link":"https:\/\/www.futebolinterior.com.br\/com-diego-rodriguinho-e-diego-souza-tite-convoca-selecao-para-jogo-com-a-colombia\/","chapeu":"GOSTOU?","data":"19\/01\/2017","imagem":"https:\/\/images.futebolinterior.com.br\/2021\/04\/0002050219498_img-300x200.jpg","resumo":"Com apenas jogadores que atuam no Brasil, a lista tem nomes que h\u00e1 tempos n\u00e3o vestiam a amarelinha"},"498819":{"titulo":"Com gol de Vizeu, Brasil derrota o Equador na estreia do Sul-Americano Sub-20","link":"https:\/\/www.futebolinterior.com.br\/com-gol-de-vizeu-brasil-derrota-o-equador-na-estreia-do-sul-americano-sub-20\/","chapeu":"AUUUR!","data":"19\/01\/2017","imagem":"https:\/\/images.futebolinterior.com.br\/2021\/04\/0002050219481_img-300x200.jpg","resumo":"Como na preliminar Col\u00f4mbia e Paraguai empataram por 1 a 1, a sele\u00e7\u00e3o brasileira lidera a chave com tr\u00eas pontos."},"499332":{"titulo":"Ap\u00f3s sumir e aparecer em motel, Marcelo Cabo \u00e9 mantido no Atl\u00e9tico-GO","link":"https:\/\/www.futebolinterior.com.br\/apos-sumir-e-aparecer-em-motel-marcelo-cabo-e-mantido-no-atletico-go\/","chapeu":"ELE FICA!","data":"18\/01\/2017","imagem":"https:\/\/images.futebolinterior.com.br\/2021\/04\/0002050219351_img-300x191.jpg","resumo":"Ap\u00f3s o epis\u00f3dio pol\u00eamico, a diretoria do clube cogitou a demiss\u00e3o do treinador, mas preferiu dar um voto de confian\u00e7a"},"501229":{"titulo":"Clube brasileiro surpreende mercado e faz consulta para contratar Kak\u00e1","link":"https:\/\/www.futebolinterior.com.br\/clube-brasileiro-surpreende-mercado-e-faz-consulta-para-contratar-kaka\/","chapeu":"VEM PRA C\u00c1!","data":"13\/01\/2017","imagem":"https:\/\/images.futebolinterior.com.br\/2021\/04\/0002050218569_img-300x169.jpg","resumo":"H\u00e1 sete anos na elite do futebol brasileiro, o Coritiba est\u00e1 descontente com as cifras que vem recebendo de patroc\u00ednio e cotas de televis\u00e3o"},"502558":{"titulo":"Deu ruim! Craque Neto dispara contra UOL Esporte ap\u00f3s ser eleito o pior comentarista","link":"https:\/\/www.futebolinterior.com.br\/deu-ruim-craque-neto-dispara-contra-uol-esporte-apos-ser-eleito-o-pior-comentarista\/","chapeu":"X\u00d4, LETRADOS!","data":"07\/01\/2017","imagem":"https:\/\/images.futebolinterior.com.br\/2021\/04\/0002050217621_img-300x199.jpg","resumo":"Deu ruim! Craque Neto dispara contra UOL Esporte ap\u00f3s \"Pesquis\u00e3o 2016\""},"502692":{"titulo":"Meia do Atl\u00e9tico-PR pode ser preso por briga de rua que acabou em assassinato","link":"https:\/\/www.futebolinterior.com.br\/meia-do-atletico-pr-pode-ser-preso-por-briga-de-rua-que-acabou-em-assassinato\/","chapeu":"PROCURADO","data":"02\/01\/2017","imagem":"https:\/\/images.futebolinterior.com.br\/2021\/04\/0002050216891_img-300x208.png","resumo":"Ainda n\u00e3o se sabe do paradeiro do argentino, que segue procurado pela pol\u00edcia local para prestar esclarecimentos"},"502789":{"titulo":"Leandro Donizete acerta com o Santos, mas se declara e diz que queria ficar no Atl\u00e9tico-MG","link":"https:\/\/www.futebolinterior.com.br\/leandro-donizete-acerta-com-o-santos-mas-se-declara-e-diz-que-queria-ficar-no-atletico-mg\/","chapeu":"APAIXONADO","data":"01\/01\/2017","imagem":"https:\/\/images.futebolinterior.com.br\/2021\/04\/0002050216774_img-300x200.jpg","resumo":" Em postagem no Instagram, o jogador relacionou sua sa\u00edda do Galo a uma \"pe\u00e7a\" pregada pela vida"},"503491":{"titulo":"DAN\u00c7A DAS CADEIRAS: Tim\u00e3o orf\u00e3o, quatro intoc\u00e1veis e 26 trocas de t\u00e9cnicos","link":"https:\/\/www.futebolinterior.com.br\/danca-das-cadeiras-timao-orfao-quatro-intocaveis-e-26-trocas-de-tecnicos\/","chapeu":"VIDA DURA!","data":"01\/01\/2017","imagem":"https:\/\/images.futebolinterior.com.br\/2021\/04\/0002050216239_img-300x190.jpg","resumo":"A penas Ponte, Santos, Palmeiras e Atl\u00e9tico-PR n\u00e3o trocaram de t\u00e9cnicos no Brasileir\u00e3o; Corinthians chora at\u00e9 hoje a sa\u00edda de Tite"},"502389":{"titulo":"Palmeiras d\u00e1 'presente de R\u00e9veillon' \u00e0 torcida e contrata Michel Bastos","link":"https:\/\/www.futebolinterior.com.br\/palmeiras-da-presente-de-reveillon-a-torcida-e-contrata-michel-bastos\/","chapeu":"EM BUSCA DA PAZ","data":"31\/12\/2016","imagem":"https:\/\/images.futebolinterior.com.br\/2021\/04\/0002050216710_img-300x169.jpg","resumo":"O meia chega sem custos ao Palmeiras, uma vez que chegou a um acordo com o S\u00e3o Paulo para deixar o clube tamb\u00e9m de gra\u00e7a"}}