{"491755":{"titulo":"Brasileir\u00e3o ter\u00e1 Palmeiras x Vasco e Flamengo x Atl\u00e9tico-MG na primeira rodada","link":"https:\/\/www.futebolinterior.com.br\/brasileirao-tera-palmeiras-x-vasco-e-flamengo-x-atletico-mg-na-primeira-rodada\/","chapeu":"\u00c9 CL\u00c1SSICO?","data":"20\/02\/2017","imagem":"https:\/\/images.futebolinterior.com.br\/2021\/04\/0002050226231_img-300x169.jpg","resumo":"O Corinthians ter\u00e1 a Chapecoense na abertura do torneio; Ser\u00e1 o primeiro jogo do Verd\u00e3o na competi\u00e7\u00e3o ap\u00f3s o acidente"},"493466":{"titulo":"Ap\u00f3s trag\u00e9dia a\u00e9rea em novembro, casal homenageia Chapecoense com bar em Medell\u00edn","link":"https:\/\/www.futebolinterior.com.br\/apos-tragedia-aerea-em-novembro-casal-homenageia-chapecoense-com-bar-em-medellin\/","chapeu":"MAIS HOMENAGEM","data":"16\/02\/2017","imagem":"https:\/\/images.futebolinterior.com.br\/2021\/04\/0002050225192_img-300x273.jpg","resumo":"O Caf\u00e9 Bar Chapecoense tem como especialidade bebidas e lanches, em especial o cachorro quente"},"495368":{"titulo":"Contra datas conflitantes, FENAPAF emite Carta Aberta ao futebol brasileiro","link":"https:\/\/www.futebolinterior.com.br\/contra-datas-conflitantes-fenapaf-emite-carta-aberta-ao-futebol-brasileiro\/","chapeu":"EM CIMA!","data":"08\/02\/2017","imagem":"https:\/\/images.futebolinterior.com.br\/2021\/04\/0002050223447_img-300x225.jpg","resumo":"A Fenapaf vem por meio desta oficializar o seu Clube de Capit\u00e3es, composto por mais de 60 atletas espalhados por diversos clubes"},"495860":{"titulo":"Thiago Maia critica Gabigol, elogia Gabriel Jesus, e diz que aceitaria PSG \"na hora\"","link":"https:\/\/www.futebolinterior.com.br\/thiago-maia-critica-gabigol-elogia-gabriel-jesus-e-diz-que-aceitaria-psg-na-hora\/","chapeu":"FALOU TUDO!","data":"06\/02\/2017","imagem":"https:\/\/images.futebolinterior.com.br\/2021\/04\/0002050223098_img-300x190.jpg","resumo":"A boa fase de Gabriel Jesus no Manchester City, da Inglaterra, e a m\u00e1 fase de Gabriel Barbosa na Inter de Mil\u00e3o, da It\u00e1lia, est\u00e1 dando o que falar, inclusive no Brasil. Ex-companhe"},"496425":{"titulo":"CANDANG\u00c3O: Com velhas estrelas, estadual come\u00e7a neste s\u00e1bado","link":"https:\/\/www.futebolinterior.com.br\/candangao-com-velhas-estrelas-estadual-comeca-neste-sabado\/","chapeu":"BOLA NO CERRADO","data":"03\/02\/2017","imagem":"https:\/\/images.futebolinterior.com.br\/2021\/04\/0002050222427_img-300x145.jpg","resumo":"Ser\u00e3o 12 clubes correndo em busca do t\u00edtulo candango e Das vagas da s\u00e9rie D, Copa Verde e Copa do Brasil "},"497706":{"titulo":"Enquete FI: Internautas querem ver Dudu outra vez na sele\u00e7\u00e3o","link":"https:\/\/www.futebolinterior.com.br\/enquete-fi-internautas-querem-ver-dudu-outra-vez-na-selecao\/","chapeu":"EM ALTA!","data":"26\/01\/2017","imagem":"https:\/\/images.futebolinterior.com.br\/2021\/04\/0002050220602_img-300x164.jpg","resumo":"Rodrigo Caio \u00e9 o segundo preferido da galera, enquanto Diego tem pouca for\u00e7a e Robinho \u00e9 visto com pouco entusiasmo"},"498305":{"titulo":"No Camarote RF, Felipe Moreira fala sobre 'desafio' na Ponte Preta","link":"https:\/\/www.futebolinterior.com.br\/no-camarote-rf-felipe-moreira-fala-sobre-desafio-na-ponte-preta\/","chapeu":"CONFIRA!","data":"23\/01\/2017","imagem":"https:\/\/images.futebolinterior.com.br\/2021\/04\/0002050220186_img-300x225.jpg","resumo":"O treinador pontepretano foi o convidado do programa na noite desta segunda-feira"},"498621":{"titulo":"Mineiro: Cruzeiro faz 7 a 0 em amistoso e anuncia Halef, ex-Vit\u00f3ria da Conquista","link":"https:\/\/www.futebolinterior.com.br\/mineiro-cruzeiro-faz-7-a-0-em-amistoso-e-anuncia-halef-ex-vitoria-da-conquista\/","chapeu":"NOVIDADES!","data":"19\/01\/2017","imagem":"https:\/\/images.futebolinterior.com.br\/2021\/04\/0002050219608_img-300x194.jpg","resumo":"O jogador, que atuou pelo \u00c1guia no jogo-treino, n\u00e3o deve ficar no elenco do t\u00e9cnico Mano Menezes"},"499225":{"titulo":"Ga\u00facho: Inter acerta com segundo refor\u00e7o vindo do Juventude: Klaus","link":"https:\/\/www.futebolinterior.com.br\/gaucho-inter-acerta-com-segundo-reforco-vindo-do-juventude-klaus\/","chapeu":"REVELADO!","data":"19\/01\/2017","imagem":"https:\/\/images.futebolinterior.com.br\/2021\/04\/0002050219582_img-300x191.jpg","resumo":"O defensor, de 23 anos, assinou contrato de empr\u00e9stimo at\u00e9 o fim da S\u00e9rie B, com a op\u00e7\u00e3o de compra"},"504103":{"titulo":"VAI & VEM DA BOLA: Corinthians tem dia D e Borja revela contato do Palmeiras","link":"https:\/\/www.futebolinterior.com.br\/vai-vem-da-bola-corinthians-tem-dia-d-e-borja-revela-contato-do-palmeiras\/","chapeu":"CONFIRA AQUI!","data":"19\/01\/2017","imagem":"https:\/\/images.futebolinterior.com.br\/2021\/04\/0002050216358_img-300x187.jpg","resumo":"VAI & VEM DA BOLA: Confira as contrata\u00e7\u00f5es do futebol brasileiro no Portal FI!"}}