{"474988":{"titulo":"Ap\u00f3s t\u00edtulo baiano, Vit\u00f3ria acerta vinda de Ricardo Gomes","link":"https:\/\/www.futebolinterior.com.br\/apos-titulo-baiano-vitoria-acerta-vinda-de-ricardo-gomes\/","chapeu":"\u00d3 ELE A\u00cd!","data":"08\/05\/2017","imagem":"https:\/\/images.futebolinterior.com.br\/2021\/04\/0002050240982_img-300x193.jpg","resumo":"O clube demitiu Argel Fucks antes da final do estadual e agora aguarda o desfecho da negocia\u00e7\u00e3o para anunciar o novo t\u00e9cnico"},"475247":{"titulo":"Com 'orgulho', Pottker se despede da Ponte Ponte: \"Vou levar pra toda vida\"","link":"https:\/\/www.futebolinterior.com.br\/com-orgulho-pottker-se-despede-da-ponte-ponte-vou-levar-pra-toda-vida\/","chapeu":"ADEUS...","data":"07\/05\/2017","imagem":"https:\/\/images.futebolinterior.com.br\/2021\/04\/0002050240904_img-300x200.jpg","resumo":"Jogador deve se apresentar no Inter nas pr\u00f3ximas 48 horas"},"475201":{"titulo":"\u00c9verton Ribeiro est\u00e1 acertado com o Flamengo, diz rep\u00f3rter","link":"https:\/\/www.futebolinterior.com.br\/everton-ribeiro-esta-acertado-com-o-flamengo-diz-reporter\/","chapeu":"CEREJA DO BOLO","data":"07\/05\/2017","imagem":"https:\/\/images.futebolinterior.com.br\/2021\/04\/0002050240844_img-300x215.jpg","resumo":"Eric Faria, rep\u00f3rter da Globo, cravou o meio-campista, atualmente no Al Ahli, no Flamengo. Negocia\u00e7\u00e3o com o jogador se arrasta h\u00e1 meses"},"475590":{"titulo":"Confira aqui TODOS os resultados dos jogos deste DOMINGO!","link":"https:\/\/www.futebolinterior.com.br\/confira-aqui-todos-os-resultados-dos-jogos-deste-domingo-7\/","chapeu":"PERDEU ALGO?","data":"07\/05\/2017","imagem":"https:\/\/images.futebolinterior.com.br\/2021\/04\/0002050240799_img-300x200.jpg","resumo":"O Placar FI acompanhou os mais diversos torneios pelo mundo, todas as finais pelo Brasil e categorias de base estaduais "},"475718":{"titulo":"Real Madrid supera Barcelona e oferece R$ 157 milh\u00f5es por joia do Flamengo","link":"https:\/\/www.futebolinterior.com.br\/real-madrid-supera-barcelona-e-oferece-r-157-milhoes-por-joia-do-flamengo\/","chapeu":"DE GIGANTES!","data":"07\/05\/2017","imagem":"https:\/\/images.futebolinterior.com.br\/2021\/04\/0002050240670_img-300x169.jpg","resumo":"O Meng\u00e3o tenta renovar com o jogador antes de vend\u00ea-lo para o futebol europeu"},"475289":{"titulo":"Botafogo contrata Arnaldo, ex-Ituano, e sonha com Madson, do Vasco","link":"https:\/\/www.futebolinterior.com.br\/botafogo-contrata-arnaldo-ex-ituano-e-sonha-com-madson-do-vasco\/","chapeu":"QUASE L\u00c1","data":"07\/05\/2017","imagem":"https:\/\/images.futebolinterior.com.br\/2021\/04\/0002050240663_img-300x185.jpg","resumo":"Jogadores chegam para ocupar uma posi\u00e7\u00e3o carente no elenco alvinegro"},"475148":{"titulo":"Futebol brasileiro tem tarde de domingo de decis\u00f5es estaduais por todo o Pa\u00eds","link":"https:\/\/www.futebolinterior.com.br\/futebol-brasileiro-tem-tarde-de-domingo-de-decisoes-estaduais-por-todo-o-pais\/","chapeu":"DIA DE FINAIS!","data":"07\/05\/2017","imagem":"https:\/\/images.futebolinterior.com.br\/2021\/04\/0002050240620_img-300x169.jpg","resumo":"O campe\u00e3o ser\u00e1 conhecido em Minas, Rio de Janeiro, S\u00e3o Paulo, Rio Grande do Sul entre outros estados"},"475680":{"titulo":"Ponte Preta j\u00e1 trabalha para se manter em alto n\u00edvel ap\u00f3s a disputa do Paulist\u00e3o","link":"https:\/\/www.futebolinterior.com.br\/ponte-preta-ja-trabalha-para-se-manter-em-alto-nivel-apos-a-disputa-do-paulistao\/","chapeu":"SEM PARAR","data":"07\/05\/2017","imagem":"https:\/\/images.futebolinterior.com.br\/2021\/04\/0002050240621_img-300x164.jpg","resumo":"O time de Campinas vai perder jogadores importantes como Pottker, mas trouxe Emerson Sheik como principal refor\u00e7o"},"475377":{"titulo":"Confira aqui TODOS os resultados dos jogos deste S\u00c1BADO!","link":"https:\/\/www.futebolinterior.com.br\/confira-aqui-todos-os-resultados-dos-jogos-deste-sabado-10\/","chapeu":"FIQUE LIGADO!","data":"06\/05\/2017","imagem":"https:\/\/images.futebolinterior.com.br\/2021\/04\/0002050240573_img-300x169.jpg","resumo":"O Placar FI acompanhou os mais diversos torneios pelo mundo, todas as finais pelo Brasil e categorias de base estaduais "},"475599":{"titulo":"Vasco retoma negocia\u00e7\u00f5es para retirar zagueiro Paul\u00e3o do Internacional","link":"https:\/\/www.futebolinterior.com.br\/vasco-retoma-negociacoes-para-retirar-zagueiro-paulao-do-internacional\/","chapeu":"N\u00c3O DESISTIU!","data":"06\/05\/2017","imagem":"https:\/\/images.futebolinterior.com.br\/2021\/04\/0002050240487_img-300x249.jpg","resumo":"Assim como havia feito em fevereiro, o Vasco voltou demonstrar interesse em contar com Paul\u00e3o e abriu conversas pelo defensor"}}