{"475244":{"titulo":"S\u00e3o Paulo vence Oeste em jogo-treino com gols de Rodrigo Caio, Neilton e Cueva","link":"https:\/\/www.futebolinterior.com.br\/sao-paulo-vence-oeste-em-jogo-treino-com-gols-de-rodrigo-caio-neilton-e-cueva\/","chapeu":"A\u00cd SIM!","data":"06\/05\/2017","imagem":"https:\/\/images.futebolinterior.com.br\/2021\/04\/0002050240481_img-300x193.jpg","resumo":"O t\u00e9cnico Rog\u00e9rio Ceni utilizou todos os jogadores \u00e0 disposi\u00e7\u00e3o no elenco para testar v\u00e1rias alternativas"},"475840":{"titulo":"Ex-Fluminense, Osvaldo \u00e9 apresentado pelo Sport, ao lado de zagueiro Igor Ribeiro","link":"https:\/\/www.futebolinterior.com.br\/ex-fluminense-osvaldo-e-apresentado-pelo-sport-ao-lado-de-zagueiro-igor-ribeiro\/","chapeu":"PRIMEIROS NOMES","data":"06\/05\/2017","imagem":"https:\/\/images.futebolinterior.com.br\/2021\/04\/0002050240479_img-300x206.jpg","resumo":"Osvaldo ficou bastante conhecido em 2005, quando fez uma boa temporada pelo Cear\u00e1 mas depois j\u00e1 rodou por times como S\u00e3o Paulo e Flu"},"475434":{"titulo":"Ex-Flamengo e Ponte Preta, Th\u00f3mas pode trocar Santa Cruz por Sport para jogar a S\u00e9rie A","link":"https:\/\/www.futebolinterior.com.br\/ex-flamengo-e-ponte-preta-thomas-pode-trocar-santa-cruz-por-sport-para-jogar-a-serie-a\/","chapeu":"MALAS PRONTAS","data":"06\/05\/2017","imagem":"https:\/\/images.futebolinterior.com.br\/2021\/04\/0002050240475_img-300x159.jpg","resumo":" Com contrato apenas at\u00e9 o final de maio com o Tricolor Pernambucano, o jogador deve se transferir para o Le\u00e3o, sem custos"},"475281":{"titulo":"Em encontro de amigos, Rivellino e Ademir da Guia celebram os 100 anos do D\u00e9rbi","link":"https:\/\/www.futebolinterior.com.br\/em-encontro-de-amigos-rivellino-e-ademir-da-guia-celebram-os-100-anos-do-derbi\/","chapeu":"MONSTROS","data":"06\/05\/2017","imagem":"https:\/\/images.futebolinterior.com.br\/2021\/04\/0002050240455_img-300x225.jpg","resumo":"Neste s\u00e1bado, 6 de maio, Corinthian e Palmeiras completam 100 anos do primeiro jogo de uma hist\u00f3ria cheia de rivalidade"},"475838":{"titulo":"Recupera\u00e7\u00e3o de pe\u00e7as ofensivas deixa Dorival esperan\u00e7oso em evolu\u00e7\u00e3o do Santos","link":"https:\/\/www.futebolinterior.com.br\/recuperacao-de-pecas-ofensivas-deixa-dorival-esperancoso-em-evolucao-do-santos\/","chapeu":"ENCORPADO","data":"06\/05\/2017","imagem":"https:\/\/images.futebolinterior.com.br\/2021\/04\/0002050240454_img-300x200.jpg","resumo":"Ricardo Oliveira, Lucas Lima e Vitor Bueno voltaram a se destacar e empolgaram o treinador"},"475913":{"titulo":"S\u00e3o Paulo define quatro novos nomes para a nova diretoria eleita","link":"https:\/\/www.futebolinterior.com.br\/sao-paulo-define-quatro-novos-nomes-para-a-nova-diretoria-eleita\/","chapeu":"NOVIDADE","data":"05\/05\/2017","imagem":"https:\/\/images.futebolinterior.com.br\/2021\/04\/0002050240432_img-300x187.jpg","resumo":"Os Conselho de Administra\u00e7\u00e3o (CA) do S\u00e3o Paulo se reuniu nesta sexta-feira pela primeira vez com todos os integrantes e definiu os primeiros quatro nomes da nova diretoria"},"475859":{"titulo":"Palmeiras acerta retorno de Cuca, treinador campe\u00e3o brasileiro no ano passado","link":"https:\/\/www.futebolinterior.com.br\/palmeiras-acerta-retorno-de-cuca-treinador-campeao-brasileiro-no-ano-passado\/","chapeu":"ELE VOLTOU","data":"05\/05\/2017","imagem":"https:\/\/images.futebolinterior.com.br\/2021\/04\/0002050240422_img-300x169.jpg","resumo":"O comandante n\u00e3o renovou com o Verd\u00e3o em dezembro alegando problemas particulares"},"475400":{"titulo":"S\u00e9rie B: Pr\u00f3ximo de Luan, Am\u00e9rica-MG negocia com Norberto","link":"https:\/\/www.futebolinterior.com.br\/serie-b-proximo-de-luan-america-mg-negocia-com-norberto\/","chapeu":"NEGOCIA\u00c7\u00d5ES","data":"05\/05\/2017","imagem":"https:\/\/images.futebolinterior.com.br\/2021\/04\/0002050240358_img-300x221.jpg","resumo":"O diretor de futebol Ricardo Drubscky havia avisado que no in\u00edcio da pr\u00f3xima semana refor\u00e7os deveriam ser anunciados"},"475627":{"titulo":"Palmeiras inicia negocia\u00e7\u00e3o com Cuca e ter\u00e1 ajuda da patrocinadora com sal\u00e1rios","link":"https:\/\/www.futebolinterior.com.br\/palmeiras-inicia-negociacao-com-cuca-e-tera-ajuda-da-patrocinadora-com-salarios\/","chapeu":"AGORA VAI?","data":"05\/05\/2017","imagem":"https:\/\/images.futebolinterior.com.br\/2021\/04\/0002050240331_img-300x175.png","resumo":"A empresa tamb\u00e9m bancou a contrata\u00e7\u00e3o de refor\u00e7os nesta temporada, inclusive o mais caro da hist\u00f3ria do Verd\u00e3o, Borja"},"476056":{"titulo":"Lateral rescinde com o Atl\u00e9tico-MG e negocia com o Guarani","link":"https:\/\/www.futebolinterior.com.br\/lateral-rescinde-com-o-atletico-mg-e-negocia-com-o-guarani\/","chapeu":"L\u00c1 VEM","data":"05\/05\/2017","imagem":"https:\/\/images.futebolinterior.com.br\/2021\/04\/0002050240311_img-300x146.jpg","resumo":"Cria das categorias de base do Galo, Eron estava no Galo h\u00e1 17 anos, mas rodou por empr\u00e9stimos nos \u00faltimos anos"}}