{"475080":{"titulo":"Antes de assumir Palmeiras, Cuca se despede de amigos e d\u00e1 aut\u00f3grafo para 'rival'","link":"https:\/\/www.futebolinterior.com.br\/antes-de-assumir-palmeiras-cuca-se-despede-de-amigos-e-da-autografo-para-rival\/","chapeu":"CHEGOU A HORA","data":"08\/05\/2017","imagem":"https:\/\/images.futebolinterior.com.br\/2021\/04\/0002050241063_img-300x169.jpg","resumo":"Desde que deixou o Verd\u00e3o, em dezembro, t\u00e9cnico usou o tempo livre para jogar na categoria para jogadores de mais de 50 anos"},"475379":{"titulo":"Botafogo volta aos treinos com Montillo em campo e aus\u00eancia de dupla de zaga","link":"https:\/\/www.futebolinterior.com.br\/botafogo-volta-aos-treinos-com-montillo-em-campo-e-ausencia-de-dupla-de-zaga\/","chapeu":"PREPARA\u00c7\u00c3O","data":"08\/05\/2017","imagem":"https:\/\/images.futebolinterior.com.br\/2021\/04\/0002050241048_img-300x200.jpg","resumo":"Ap\u00f3s dois dias de folga, o Botafogo retornou aos treinos na tarde desta segunda-feira, de olho na estreia do Campeonato Brasileiro. No domingo, a equipe carioca visita o Gr\u00eamio, \u00e0s"},"474891":{"titulo":"Vit\u00f3ria contrata Thallyson, ex-lateral do Flamengo, para o Brasileir\u00e3o","link":"https:\/\/www.futebolinterior.com.br\/vitoria-contrata-thallyson-ex-lateral-do-flamengo-para-o-brasileirao\/","chapeu":"REFOR\u00c7O","data":"08\/05\/2017","imagem":"https:\/\/images.futebolinterior.com.br\/2021\/04\/0002050241042_img-300x148.jpg","resumo":"Jogador de 25 anos chega em Salvador nesta ter\u00e7a-feira para assinar com o Le\u00e3o"},"475389":{"titulo":"Ap\u00f3s trag\u00e9dia familiar, Longuine se reapresenta ao Santos e treina na academia","link":"https:\/\/www.futebolinterior.com.br\/apos-tragedia-familiar-longuine-se-reapresenta-ao-santos-e-treina-na-academia\/","chapeu":"FOR\u00c7A!","data":"08\/05\/2017","imagem":"https:\/\/images.futebolinterior.com.br\/2021\/04\/0002050241039_img-300x200.jpg","resumo":"Rafael Longuine est\u00e1 de volta ao Santos. Pouco menos de uma semana ap\u00f3s ser liberado pelo clube das atividades por causa de uma trag\u00e9dia familiar - seus pais morreram em um acident"},"475146":{"titulo":"Atl\u00e9tico-GO pode perder atacante J\u00fanior Vi\u00e7osa para o Goi\u00e1s","link":"https:\/\/www.futebolinterior.com.br\/atletico-go-pode-perder-atacante-junior-vicosa-para-o-goias\/","chapeu":"VIRA CASACA?","data":"08\/05\/2017","imagem":"https:\/\/images.futebolinterior.com.br\/2021\/04\/0002050241036_img-300x200.jpg","resumo":"O presidente S\u00e9rgio Rassi rasgou elogios ao jogador rubronegro, mas disse n\u00e3o ter nada acertado"},"475157":{"titulo":"Sem tempo para comemorar o t\u00edtulo paulista, Corinthians volta aos treinos","link":"https:\/\/www.futebolinterior.com.br\/sem-tempo-para-comemorar-o-titulo-paulista-corinthians-volta-aos-treinos\/","chapeu":"BOLA PRA FRENTE","data":"08\/05\/2017","imagem":"https:\/\/images.futebolinterior.com.br\/2021\/04\/0002050241031_img-300x200.jpg","resumo":"Nesta quarta-feira, o Tim\u00e3o vai ter pela frente a Universidad do Chile, em Santiago"},"475179":{"titulo":"Morato e Wesley se machucam e S\u00e3o Paulo tem mais duas baixas na temporada","link":"https:\/\/www.futebolinterior.com.br\/morato-e-wesley-se-machucam-e-sao-paulo-tem-mais-duas-baixas-na-temporada\/","chapeu":"EITA!","data":"08\/05\/2017","imagem":"https:\/\/images.futebolinterior.com.br\/2021\/04\/0002050241021_img-300x193.jpg","resumo":"As duas aus\u00eancias n\u00e3o devem influenciar na escala\u00e7\u00e3o do time para o duelo de quinta-feira"},"475465":{"titulo":"Cueva refor\u00e7a que s\u00f3 pretende sair do S\u00e3o Paulo ap\u00f3s conquistar t\u00edtulos","link":"https:\/\/www.futebolinterior.com.br\/cueva-reforca-que-so-pretende-sair-do-sao-paulo-apos-conquistar-titulos\/","chapeu":"DISSE QUE FICA","data":"08\/05\/2017","imagem":"https:\/\/images.futebolinterior.com.br\/2021\/04\/0002050241008_img-300x193.jpg","resumo":"O meia Cueva admite que n\u00e3o pretende deixar o S\u00e3o Paulo antes de conquistar um t\u00edtulo pelo clube. O jogador lamentou as elimina\u00e7\u00f5es no Campeonato Paulista e na Copa do Brasil, mas "},"475510":{"titulo":"Vanderlei Pereira sobre propostas por Clayson: \"Nenhuma que agradou\"","link":"https:\/\/www.futebolinterior.com.br\/vanderlei-pereira-sobre-propostas-por-clayson-nenhuma-que-agradou\/","chapeu":"VAI FICAR?","data":"08\/05\/2017","imagem":"https:\/\/images.futebolinterior.com.br\/2021\/04\/0002050241004_img-300x201.jpg","resumo":"O Corinthians \u00e9 o principal interessado na contrata\u00e7\u00e3o do atacante, mas vai ter que melhorar a oferta"},"475209":{"titulo":"Daniel Nepomuceno v\u00ea Atl\u00e9tico-MG pronto para conquistar mais tr\u00eas t\u00edtulos em 2017","link":"https:\/\/www.futebolinterior.com.br\/daniel-nepomuceno-ve-atletico-mg-pronto-para-conquistar-mais-tres-titulos-em-2017\/","chapeu":"OTIMISTA","data":"08\/05\/2017","imagem":"https:\/\/images.futebolinterior.com.br\/2021\/04\/0002050240992_img-300x200.jpg","resumo":"O mandat\u00e1rio alvinegro tamb\u00e9m aproveitou a oportunidade para elogiar o trabalho desenvolvido pelo t\u00e9cnico Roger Machado"}}