{"474570":{"titulo":"Brasileir\u00e3o: Palmeiras negocia empr\u00e9stimo de Erik ao Vit\u00f3ria","link":"https:\/\/www.futebolinterior.com.br\/brasileirao-palmeiras-negocia-emprestimo-de-erik-ao-vitoria\/","chapeu":"CONVERSANDO","data":"10\/05\/2017","imagem":"https:\/\/images.futebolinterior.com.br\/2021\/04\/0002050241273_img-300x207.png","resumo":"A diretoria do Verd\u00e3o quer ouvir a posi\u00e7\u00e3o de Cuca e n\u00e3o quer pagar os sal\u00e1rios do jogador"},"474591":{"titulo":"Diretor do S\u00e3o Paulo fecha as portas para Valdivia, ex-Palmeiras","link":"https:\/\/www.futebolinterior.com.br\/diretor-do-sao-paulo-fecha-as-portas-para-valdivia-ex-palmeiras\/","chapeu":"DEFINIDO","data":"10\/05\/2017","imagem":"https:\/\/images.futebolinterior.com.br\/2021\/04\/0002050241267_img-300x193.jpg","resumo":"\"Quando me pergunta sobre Valdivia, s\u00f3 penso no jogador do Internacional. O ex-Palmeiras n\u00e3o tem chance nenhuma de jogar aqui\""},"475144":{"titulo":"De volta ao Palmeiras, Cuca dorme no CT e tem a defesa como desafio","link":"https:\/\/www.futebolinterior.com.br\/de-volta-ao-palmeiras-cuca-dorme-no-ct-e-tem-a-defesa-como-desafio\/","chapeu":"COM ELE","data":"10\/05\/2017","imagem":"https:\/\/images.futebolinterior.com.br\/2021\/04\/0002050241266_img-300x201.jpg","resumo":"Os cinco meses de intervalo entre a sa\u00edda e o retorno do t\u00e9cnico Cuca ao Palmeiras serviram para deixar a miss\u00e3o de comandar o time ainda mais dif\u00edcil"},"475182":{"titulo":"Victor Luis elogia elenco e coloca Botafogo na briga pelo t\u00edtulo brasileiro","link":"https:\/\/www.futebolinterior.com.br\/victor-luis-elogia-elenco-e-coloca-botafogo-na-briga-pelo-titulo-brasileiro\/","chapeu":"VAI CHEGAR!","data":"09\/05\/2017","imagem":"https:\/\/images.futebolinterior.com.br\/2021\/04\/0002050241220_img.jpg","resumo":"Ap\u00f3s um 2016 em que terminou como uma das surpresas do Campeonato Brasileiro, na quinta coloca\u00e7\u00e3o, o Botafogo quer iniciar a competi\u00e7\u00e3o desta temporada com outros status. "},"475121":{"titulo":"Vit\u00f3ria mant\u00e9m indefini\u00e7\u00e3o sobre treinador e sonda Beto Campos","link":"https:\/\/www.futebolinterior.com.br\/vitoria-mantem-indefinicao-sobre-treinador-e-sonda-beto-campos\/","chapeu":"QUEM VEM?","data":"09\/05\/2017","imagem":"https:\/\/images.futebolinterior.com.br\/2021\/04\/0002050241217_img-300x168.jpg","resumo":"Apesar do mist\u00e9rio da diretoria rubronegra, Ricardo Gomes \u00e9 quem deve ser o substituto de Argel Fucks"},"475203":{"titulo":"Trauco celebra 'melhor momento da carreira' ap\u00f3s t\u00edtulo pelo Flamengo","link":"https:\/\/www.futebolinterior.com.br\/trauco-celebra-melhor-momento-da-carreira-apos-titulo-pelo-flamengo\/","chapeu":"T\u00c1 VOANDO!","data":"09\/05\/2017","imagem":"https:\/\/images.futebolinterior.com.br\/2021\/04\/0002050241212_img-300x200.jpg","resumo":"O peruano Miguel Trauco chegou ao Flamengo no in\u00edcio do ano desconhecido da torcida. Mas em menos de um semestre vestindo a camisa rubro-negra, se tornou titular e pe\u00e7a-chave "},"475193":{"titulo":"Cuca nega Ganso no Palmeiras e fala sobre lateral: 'Nunca ouvi falar'","link":"https:\/\/www.futebolinterior.com.br\/cuca-nega-ganso-no-palmeiras-e-fala-sobre-lateral-nunca-ouvi-falar\/","chapeu":"VEM N\u00c3O!","data":"09\/05\/2017","imagem":"https:\/\/images.futebolinterior.com.br\/2021\/04\/0002050241211_img-300x186.jpg","resumo":"A ideia da diretoria do Verd\u00e3o \u00e9 refor\u00e7ar, principalmente, a lateral-esquerda da equipe"},"475142":{"titulo":"Suspenso, 'Gato da Copinha' vai jogar em time da escola de samba Vai-Vai","link":"https:\/\/www.futebolinterior.com.br\/suspenso-gato-da-copinha-vai-jogar-em-time-da-escola-de-samba-vai-vai\/","chapeu":"SAMBA NO P\u00c9","data":"09\/05\/2017","imagem":"https:\/\/images.futebolinterior.com.br\/2021\/04\/0002050241205_img-300x237.jpg","resumo":"O jogador ganhou aten\u00e7\u00e3o nacional no in\u00edcio do ano, quando foi denunciado por atuar com documenta\u00e7\u00e3o de rapaz dois anos mais novo"},"474919":{"titulo":"Conselho da Fifa aprova proposta que deixa Conmebol com 6 vagas na Copa de 2026","link":"https:\/\/www.futebolinterior.com.br\/conselho-da-fifa-aprova-proposta-que-deixa-conmebol-com-6-vagas-na-copa-de-2026\/","chapeu":"MAIS VAGAS","data":"09\/05\/2017","imagem":"https:\/\/images.futebolinterior.com.br\/2021\/04\/0002050241188_img-300x170.jpg","resumo":"O principal torneio do futebol passar\u00e1 a ter 48 sele\u00e7\u00f5es, 16 a mais do que o modelo atual"},"475223":{"titulo":"Pedro Rocha minimiza fase ruim do Gr\u00eamio e projeta boa estreia no Brasileir\u00e3o","link":"https:\/\/www.futebolinterior.com.br\/pedro-rocha-minimiza-fase-ruim-do-gremio-e-projeta-boa-estreia-no-brasileirao\/","chapeu":"VAI PRA CIMA!","data":"09\/05\/2017","imagem":"https:\/\/images.futebolinterior.com.br\/2021\/04\/0002050241184_img-300x170.jpg","resumo":"O jogador tamb\u00e9m destacou as mudan\u00e7as no setor ofensivo da equipe gremista"}}