{"475212":{"titulo":"Erick Salles rescinde com a Ponte ap\u00f3s 29 minutos em campo e \u00e9 contratado pelo CRB","link":"https:\/\/www.futebolinterior.com.br\/erick-salles-rescinde-com-a-ponte-apos-29-minutos-em-campo-e-e-contratado-pelo-crb\/","chapeu":"MUDAN\u00c7A DE CASA","data":"09\/05\/2017","imagem":"https:\/\/images.futebolinterior.com.br\/2021\/04\/0002050241185_img-300x200.jpg","resumo":"Contratado pela Macaca em dezembro do ano passado como uma aposta, o jogador n\u00e3o vingou e foi liberado"},"474987":{"titulo":"Ponte Preta acerta contrata\u00e7\u00e3o de Rodrigo, zagueiro que estava no Vasco","link":"https:\/\/www.futebolinterior.com.br\/ponte-preta-acerta-contratacao-de-rodrigo-zagueiro-que-estava-no-vasco\/","chapeu":"DE VOLTA","data":"09\/05\/2017","imagem":"https:\/\/images.futebolinterior.com.br\/2021\/04\/0002050241157_img-300x196.jpg","resumo":"Revelado na Macaca h\u00e1 14 anos, o beque \u00e9 aguardado nesta quarta-feira para realizar exames m\u00e9dicos"},"475227":{"titulo":"Cuca ter\u00e1 sal\u00e1rio pago pelo Palmeiras e premia\u00e7\u00e3o bancada por patrocinadora","link":"https:\/\/www.futebolinterior.com.br\/cuca-tera-salario-pago-pelo-palmeiras-e-premiacao-bancada-por-patrocinadora\/","chapeu":"SE VENCER, N\u00c9?","data":"09\/05\/2017","imagem":"https:\/\/images.futebolinterior.com.br\/2021\/04\/0002050241152_img-300x169.jpg","resumo":"Palmeiras e Crefisa uniram esfor\u00e7os para concretizar o retorno do t\u00e9cnico Cuca ao comando da equipe. Apresentado nesta ter\u00e7a-feira, o treinador campe\u00e3o brasileiro pela equipe no an"},"474996":{"titulo":"Jomar quer que Vasco jogue 'de igual para igual' contra o atual campe\u00e3o Palmeiras","link":"https:\/\/www.futebolinterior.com.br\/jomar-quer-que-vasco-jogue-de-igual-para-igual-contra-o-atual-campeao-palmeiras\/","chapeu":"JOGA COMO?","data":"09\/05\/2017","imagem":"https:\/\/images.futebolinterior.com.br\/2021\/04\/0002050241148_img-300x200.jpg","resumo":"Al\u00e9m de iniciar a defesa do t\u00edtulo, o time alviverde chega embalado pelo retorno do t\u00e9cnico Cuca. Mas do lado cruzmaltino, a ordem \u00e9 se impor mesmo fora de casa e \"jogar de igual p"},"475014":{"titulo":"Brasileir\u00e3o: Sem Ed\u00edlson e Maicon, Gr\u00eamio faz trabalho f\u00edsico no 1\u00ba treino do dia","link":"https:\/\/www.futebolinterior.com.br\/brasileirao-sem-edilson-e-maicon-gremio-faz-trabalho-fisico-no-1o-treino-do-dia\/","chapeu":"VAI COME\u00c7AR!","data":"09\/05\/2017","imagem":"https:\/\/images.futebolinterior.com.br\/2021\/04\/0002050241109_img-300x200.jpg","resumo":"A equipe do Gr\u00eamio trabalhou a prepara\u00e7\u00e3o f\u00edsica na manh\u00e3 desta ter\u00e7a-feira, no CT Luiz Carvalho, em Porto Alegre, visando a estreia no Campeonato Brasileiro"},"475343":{"titulo":"Em apresenta\u00e7\u00e3o, Cuca diz voltar ao Palmeiras em momento de mais press\u00e3o","link":"https:\/\/www.futebolinterior.com.br\/em-apresentacao-cuca-diz-voltar-ao-palmeiras-em-momento-de-mais-pressao\/","chapeu":"DE VOLTA","data":"09\/05\/2017","imagem":0,"resumo":"Treinador afirmou que se sentia em d\u00edvida por ter sa\u00eddo em um momento de gl\u00f3ria"},"475068":{"titulo":"Sport apresenta Igor, zagueiro que defendeu o An\u00e1polis no Goiano","link":"https:\/\/www.futebolinterior.com.br\/sport-apresenta-igor-zagueiro-que-defendeu-o-anapolis-no-goiano\/","chapeu":"NOVO REFOR\u00c7O","data":"09\/05\/2017","imagem":"https:\/\/images.futebolinterior.com.br\/2021\/04\/0002050241094_img-300x206.jpg","resumo":"Defensor de 27 anos afirmou que se sente em casa e quer ajudar o Le\u00e3o no Brasileir\u00e3o"},"475047":{"titulo":"Sem partidas, S\u00e3o Paulo aproveita para aprimorar o padr\u00e3o de jogo","link":"https:\/\/www.futebolinterior.com.br\/sem-partidas-sao-paulo-aproveita-para-aprimorar-o-padrao-de-jogo\/","chapeu":"SEM PARAR","data":"09\/05\/2017","imagem":"https:\/\/images.futebolinterior.com.br\/2021\/04\/0002050241090_img-300x193.jpg","resumo":"Tricolor conseguiu uma intertemporada com elimina\u00e7\u00f5es precoces no Paulist\u00e3o e Copa do Brasil"},"475323":{"titulo":"Al\u00e9m de Clayson, Corinthians negocia com Cicinho, ex-lateral de Ponte Preta e Santos","link":"https:\/\/www.futebolinterior.com.br\/alem-de-clayson-corinthians-negocia-com-cicinho-ex-lateral-de-ponte-preta-e-santos\/","chapeu":"MAIS UM","data":"09\/05\/2017","imagem":"https:\/\/images.futebolinterior.com.br\/2021\/04\/0002050241076_img-300x216.jpg","resumo":"Jogador de 28 anos \u00e9 titular do Ludogortes, clube que luta pelo t\u00edtulo b\u00falgaro, e viria para ser reserva de Fagner"},"475335":{"titulo":"Santos marca volta ao Pacaembu para 7 de junho, mas quer evitar briga por est\u00e1dio","link":"https:\/\/www.futebolinterior.com.br\/santos-marca-volta-ao-pacaembu-para-7-de-junho-mas-quer-evitar-briga-por-estadio\/","chapeu":"VAI VOLTAR","data":"09\/05\/2017","imagem":"https:\/\/images.futebolinterior.com.br\/2021\/04\/0002050241070_img-300x180.jpg","resumo":"Peixe costuma receber bom p\u00fablico quando atua na capital, mas desagarada torcedores de sua terra natal"}}