{"474654":{"titulo":"Ponte Preta prepara lista de dispensa antes da estreia no Brasileir\u00e3o","link":"https:\/\/www.futebolinterior.com.br\/ponte-preta-prepara-lista-de-dispensa-antes-da-estreia-no-brasileirao\/","chapeu":"OLHA A BARCA","data":"10\/05\/2017","imagem":"https:\/\/images.futebolinterior.com.br\/2021\/04\/0002050241334_img-300x169.jpg","resumo":"O zagueiro F\u00e1bio Ferreira, o lateral Breno Lopes, o volante Naldo e o meia Matheus Cassini n\u00e3o devem permanecer"},"474539":{"titulo":"Por Clayson, Corinthians deve emprestar Claudinho para a Ponte Preta","link":"https:\/\/www.futebolinterior.com.br\/por-clayson-corinthians-deve-emprestar-claudinho-para-a-ponte-preta\/","chapeu":"NEGOCIA\u00c7\u00c3O","data":"10\/05\/2017","imagem":"https:\/\/images.futebolinterior.com.br\/2021\/04\/0002050241327_img-300x200.jpg","resumo":"A expectativa \u00e9 que o martelo seja batido antes mesmo do in\u00edcio do Campeonato Brasileiro"},"474489":{"titulo":"Emerson Sheik aparece no BID e j\u00e1 pode estrear pela Ponte Preta","link":"https:\/\/www.futebolinterior.com.br\/emerson-sheik-aparece-no-bid-e-ja-pode-estrear-pela-ponte-preta\/","chapeu":"ANSIEDADE","data":"10\/05\/2017","imagem":"https:\/\/images.futebolinterior.com.br\/2021\/04\/0002050241325_img-200x300.jpg","resumo":"Emerson Sheik \u00e9 oficialmente jogador da Ponte Preta"},"474675":{"titulo":"Palmeiras vai entrar com a nova camisa na estreia do Brasileir\u00e3o","link":"https:\/\/www.futebolinterior.com.br\/palmeiras-vai-entrar-com-a-nova-camisa-na-estreia-do-brasileirao\/","chapeu":"NOVIDADE","data":"10\/05\/2017","imagem":"https:\/\/images.futebolinterior.com.br\/2021\/04\/0002050241317_img-300x169.jpg","resumo":"A estreia no Campeonato Brasileiro, no pr\u00f3ximo domingo, vai marcar tamb\u00e9m o primeiro jogo do Palmeiras com o novo uniforme"},"474982":{"titulo":"Palmeiras encaminha negocia\u00e7\u00e3o de Vitor Hugo com a Fiorentina","link":"https:\/\/www.futebolinterior.com.br\/palmeiras-encaminha-negociacao-de-vitor-hugo-com-a-fiorentina\/","chapeu":"NA JANELA","data":"10\/05\/2017","imagem":"https:\/\/images.futebolinterior.com.br\/2021\/04\/0002050241314_img-300x181.jpg","resumo":"O Palmeiras e a Fiorentina encaminharam um acordo pela transfer\u00eancia do zagueiro Vitor Hugo"},"474811":{"titulo":"Promessa, Douglas exibe ansiedade para estreia na elite pelo Vasco","link":"https:\/\/www.futebolinterior.com.br\/promessa-douglas-exibe-ansiedade-para-estreia-na-elite-pelo-vasco\/","chapeu":"T\u00c1 CHEGANDO","data":"10\/05\/2017","imagem":"https:\/\/images.futebolinterior.com.br\/2021\/04\/0002050241301_img-300x233.jpg","resumo":"\"A ficha vai caindo aos poucos, at\u00e9 por ter pouca idade. Eu tenho procurado me adaptar o mais r\u00e1pido poss\u00edvel\", disse"},"474728":{"titulo":"Z\u00e9 Roberto diz que Palmeiras se tornou v\u00edtima de 'press\u00e3o excessiva'","link":"https:\/\/www.futebolinterior.com.br\/ze-roberto-diz-que-palmeiras-se-tornou-vitima-de-pressao-excessiva\/","chapeu":"EXPLICA\u00c7\u00c3O","data":"10\/05\/2017","imagem":"https:\/\/images.futebolinterior.com.br\/2021\/04\/0002050241292_img-300x169.jpg","resumo":"O lateral contou que Cuca voltou muito motivado e ter\u00e1, al\u00e9m de mais compreens\u00e3o com os resultados, a vantagem de conhecer o elenco"},"474742":{"titulo":"Coritiba chega a um acordo e contrata atacante do Palmeiras 'de gra\u00e7a'","link":"https:\/\/www.futebolinterior.com.br\/coritiba-chega-a-um-acordo-e-contrata-atacante-do-palmeiras-de-graca\/","chapeu":"VEM PRA C\u00c1","data":"10\/05\/2017","imagem":"https:\/\/images.futebolinterior.com.br\/2021\/04\/0002050241280_img-300x300.jpg","resumo":"O Coritiba acertou na manh\u00e3 desta quarta-feira com o principal refor\u00e7o para o Campeonato Brasileiro"},"475123":{"titulo":"Liberado pelo Vasco, atacante diz que ficaria feliz com proposta do Atl\u00e9tico-PR","link":"https:\/\/www.futebolinterior.com.br\/liberado-pelo-vasco-atacante-diz-que-ficaria-feliz-com-proposta-do-atletico-pr\/","chapeu":"RETORNO?","data":"10\/05\/2017","imagem":"https:\/\/images.futebolinterior.com.br\/2021\/04\/0002050241279_img-300x146.jpg","resumo":"Ederson n\u00e3o faz mais parte dos planos da diretoria carioca e n\u00e3o negou o desejo de retornar \u00e0 Curitiba, onde viveu seu melhor momento"},"475045":{"titulo":"Coritiba mira 'pacot\u00e3o' de refor\u00e7os com pol\u00eamica e atacante do Palmeiras","link":"https:\/\/www.futebolinterior.com.br\/coritiba-mira-pacotao-de-reforcos-com-polemica-e-atacante-do-palmeiras\/","chapeu":"QUEM VEM","data":"10\/05\/2017","imagem":"https:\/\/images.futebolinterior.com.br\/2021\/04\/0002050241276_img-300x300.jpg","resumo":"O Coritiba n\u00e3o tirou o p\u00e9 do acelerador e segue atr\u00e1s de Alecssandro, atacante do Palmeiras"}}