{"474635":{"titulo":"Abel critica erros do Flu e se diz 'com d\u00favidas' para o Brasileir\u00e3o","link":"https:\/\/www.futebolinterior.com.br\/abel-critica-erros-do-flu-e-se-diz-com-duvidas-para-o-brasileirao\/","chapeu":"TA RUIM","data":"11\/05\/2017","imagem":"https:\/\/images.futebolinterior.com.br\/2021\/04\/0002050241512_img-300x214.jpg","resumo":"O t\u00e9cnico Abel Braga n\u00e3o escondeu a irrita\u00e7\u00e3o com a atua\u00e7\u00e3o do Fluminense na noite desta quarta-feira, diante do Liverpool, no Uruguai, pela Copa Sul-Americana"},"474646":{"titulo":"Diretoria do S\u00e3o Paulo rejeita ceder a press\u00e3o para renovar com zagueiro","link":"https:\/\/www.futebolinterior.com.br\/diretoria-do-sao-paulo-rejeita-ceder-a-pressao-para-renovar-com-zagueiro\/","chapeu":"CALMA L\u00c1","data":"11\/05\/2017","imagem":"https:\/\/images.futebolinterior.com.br\/2021\/04\/0002050241508_img-300x193.jpg","resumo":"Com contrato at\u00e9 o pr\u00f3ximo dia 30 de junho, o zagueiro uruguaio Lugano, um dos \u00eddolos do S\u00e3o Paulo, tem sido pouco aproveitado na temporada e n\u00e3o foi relacionado para a partida"},"474839":{"titulo":"Palmeiras volta a negociar com \u00c9verton Ribeiro nos Emirados \u00c1rabes","link":"https:\/\/www.futebolinterior.com.br\/palmeiras-volta-a-negociar-com-everton-ribeiro-nos-emirados-arabes\/","chapeu":"QUEM LEVA?","data":"11\/05\/2017","imagem":"https:\/\/images.futebolinterior.com.br\/2021\/04\/0002050241506_img-300x225.jpg","resumo":"O retorno do t\u00e9cnico Cuca e o come\u00e7o do Campeonato Brasileiro fazem o Palmeiras ficar atento ao mercado"},"474943":{"titulo":"Os Estaduais nunca v\u00e3o morrer por conta das rivalidades. S\u00f3 ver o sucesso de 2017","link":"https:\/\/www.futebolinterior.com.br\/os-estaduais-nunca-vao-morrer-por-conta-das-rivalidades-so-ver-o-sucesso-de-2017\/","chapeu":"OPINI\u00c3O","data":"11\/05\/2017","imagem":"https:\/\/images.futebolinterior.com.br\/2021\/04\/0002050241497_img-300x131.jpg","resumo":" Quem disse mesmo que os Estaduais morreram? Ledo engano. S\u00f3 ver tudo que houve no final de semana."},"474438":{"titulo":"Antes de estreia no Brasileir\u00e3o, Botafogo bate Barra Mansa em jogo-treino","link":"https:\/\/www.futebolinterior.com.br\/antes-de-estreia-no-brasileirao-botafogo-bate-barra-mansa-em-jogo-treino\/","chapeu":"VENCEU!","data":"10\/05\/2017","imagem":"https:\/\/images.futebolinterior.com.br\/2021\/04\/0002050241428_img-300x148.jpg","resumo":"Os gols da vit\u00f3ria foram anotados por Joel, Dudu Cearense e Rodrigo Lindoso"},"474695":{"titulo":"Juventude n\u00e3o libera e Gr\u00eamio desiste de Matheus Cavichioli","link":"https:\/\/www.futebolinterior.com.br\/juventude-nao-libera-e-gremio-desiste-de-matheus-cavichioli\/","chapeu":"ELE FICA","data":"10\/05\/2017","imagem":"https:\/\/images.futebolinterior.com.br\/2021\/04\/0002050241372_img-300x199.jpg","resumo":"O jogador foi apresentado como refor\u00e7o do Ju para a S\u00e9rie B nesta quarta-feira"},"474631":{"titulo":"Gabriel admite sondagens da Europa, mas garante: 'Quero ficar no Atl\u00e9tico-MG'","link":"https:\/\/www.futebolinterior.com.br\/gabriel-admite-sondagens-da-europa-mas-garante-quero-ficar-no-atletico-mg\/","chapeu":"VAI OU FICA?","data":"10\/05\/2017","imagem":"https:\/\/images.futebolinterior.com.br\/2021\/04\/0002050241354_img-300x200.jpg","resumo":"Aos 22 anos, o zagueiro Gabriel conquistou seu espa\u00e7o no Atl\u00e9tico-MG e hoje \u00e9 titular absoluto da equipe de Roger Machado. Destaque na campanha do t\u00edtulo mineiro e homem de confian"},"474705":{"titulo":"S\u00e9rie B: Am\u00e9rica-MG pr\u00f3ximo de anunciar Giovanni, do Fluminense","link":"https:\/\/www.futebolinterior.com.br\/serie-b-america-mg-proximo-de-anunciar-giovanni-do-fluminense\/","chapeu":"FALTAM DETALHES","data":"10\/05\/2017","imagem":"https:\/\/images.futebolinterior.com.br\/2021\/04\/0002050241353_img-300x200.jpg","resumo":"O jogador foi um pedido do t\u00e9cnico Enderson Moreira, com quem trabalhou no Tricolor em 2015"},"474458":{"titulo":"Novamente sem Ed\u00edlson, Gr\u00eamio faz treino t\u00e1tico sem indicar time para estreia","link":"https:\/\/www.futebolinterior.com.br\/novamente-sem-edilson-gremio-faz-treino-tatico-sem-indicar-time-para-estreia\/","chapeu":"S\u00d3 MIST\u00c9RIO...","data":"10\/05\/2017","imagem":"https:\/\/images.futebolinterior.com.br\/2021\/04\/0002050241340_img-300x200.jpg","resumo":" O t\u00e9cnico Renato Ga\u00facho comandou um trabalho t\u00e1tico no CT Luiz Carvalho nesta quarta-feira, sem indicar a escala\u00e7\u00e3o do Gr\u00eamio para a estreia no Campeonato Brasileiro. "},"475041":{"titulo":"Edema na coxa tira Copete da estreia do Santos no Brasileir\u00e3o e de jogo em La Paz","link":"https:\/\/www.futebolinterior.com.br\/edema-na-coxa-tira-copete-da-estreia-do-santos-no-brasileirao-e-de-jogo-em-la-paz\/","chapeu":"PROBLEM\u00c3O","data":"10\/05\/2017","imagem":"https:\/\/images.futebolinterior.com.br\/2021\/04\/0002050241336_img-300x169.jpg","resumo":"Uma edema moderado no m\u00fasculo adutor da coxa esquerda dever\u00e1 tirar o atacante colombiano Jonathan Copete do Santos na estreia do clube no Campeonato Brasileiro contra o Fluminense"}}