{"474291":{"titulo":"Palmeiras estuda trocar 'BenzeMarques' por volante argentino do Cruzeiro","link":"https:\/\/www.futebolinterior.com.br\/palmeiras-estuda-trocar-benzemarques-por-volante-argentino-do-cruzeiro\/","chapeu":"BRASILEIR\u00c3O","data":"11\/05\/2017","imagem":"https:\/\/images.futebolinterior.com.br\/2021\/04\/0002050241586_img-300x146.jpg","resumo":"Palmeiras e Cruzeiro podem protagonizar mais uma troca de jogadores antes do in\u00edcio do Campeonato Brasileiro"},"474494":{"titulo":"Ap\u00f3s brilhar na Ponte, Pottker se apresenta ao Inter e mira 'nova hist\u00f3ria'","link":"https:\/\/www.futebolinterior.com.br\/apos-brilhar-na-ponte-pottker-se-apresenta-ao-inter-e-mira-nova-historia\/","chapeu":"ELE CHEGOU!","data":"11\/05\/2017","imagem":"https:\/\/images.futebolinterior.com.br\/2021\/04\/0002050241566_img-300x183.jpg","resumo":"O jogador chega ap\u00f3s ser eleito o melhor jogador do Campeonato Paulista 2017 pela Ponte Preta"},"474826":{"titulo":"Ap\u00f3s multa no STJD por sinalizadores, Corinthians faz apelo \u00e0 torcida","link":"https:\/\/www.futebolinterior.com.br\/apos-multa-no-stjd-por-sinalizadores-corinthians-faz-apelo-a-torcida\/","chapeu":"SEGURA AE","data":"11\/05\/2017","imagem":"https:\/\/images.futebolinterior.com.br\/2021\/04\/0002050241567_img-300x300.jpg","resumo":"Depois de ser punido com multa de R$ 30 mil pelo Superior Tribunal de Justi\u00e7a Desportiva (STJD), na quarta-feira, pelo uso de sinalizadores na partida contra o Internacional"},"474547":{"titulo":"Coritiba confirma perman\u00eancia de t\u00e9cnico interino para Brasileir\u00e3o","link":"https:\/\/www.futebolinterior.com.br\/coritiba-confirma-permanencia-de-tecnico-interino-para-brasileirao\/","chapeu":"OPA!","data":"11\/05\/2017","imagem":"https:\/\/images.futebolinterior.com.br\/2021\/04\/0002050241564_img-300x216.jpg","resumo":"Pachequinho, campe\u00e3o paranaense pelo Coxa nesta temporada, iniciar\u00e1 o campeonato nacional no comando do clube"},"474581":{"titulo":"Contratado pelo Ituano, zagueiro ser\u00e1 emprestado para a Ponte Preta","link":"https:\/\/www.futebolinterior.com.br\/contratado-pelo-ituano-zagueiro-sera-emprestado-para-a-ponte-preta\/","chapeu":"FERA","data":"11\/05\/2017","imagem":"https:\/\/images.futebolinterior.com.br\/2021\/04\/0002050241547_img-300x284.jpg","resumo":"O caso Luan Peres sofreu uma inesperada reviravolta em menos de 24 horas"},"474535":{"titulo":"Mancini v\u00ea derrota em final como 'aprendizado' para Chapecoense no Brasileir\u00e3o","link":"https:\/\/www.futebolinterior.com.br\/mancini-ve-derrota-em-final-como-aprendizado-para-chapecoense-no-brasileirao\/","chapeu":"BOLA PRA FRENTE","data":"11\/05\/2017","imagem":"https:\/\/images.futebolinterior.com.br\/2021\/04\/0002050241535_img-300x180.jpg","resumo":"\"Vimos um est\u00e1dio lotado, numa atmosfera que n\u00e3o t\u00ednhamos jogado ainda, e que serviu como um grande aprendizado para n\u00f3s\""},"474889":{"titulo":"Dorival v\u00ea vit\u00f3ria recuperar confian\u00e7a e cobra 'bom n\u00edvel' em estreia do Santos","link":"https:\/\/www.futebolinterior.com.br\/dorival-ve-vitoria-recuperar-confianca-e-cobra-bom-nivel-em-estreia-do-santos\/","chapeu":"BOM MOMENTO","data":"11\/05\/2017","imagem":"https:\/\/images.futebolinterior.com.br\/2021\/04\/0002050241524_img-300x130.jpg","resumo":"No domingo, o time estreia no Brasileir\u00e3o contra o Fluminense, no Maracan\u00e3, \u00e0s 11 horas"},"474576":{"titulo":"Carille enaltece Corinthians e projeta Brasileiro: 'Vamos longe'","link":"https:\/\/www.futebolinterior.com.br\/carille-enaltece-corinthians-e-projeta-brasileiro-vamos-longe\/","chapeu":"CONFIANTE","data":"11\/05\/2017","imagem":"https:\/\/images.futebolinterior.com.br\/2021\/04\/0002050241507_img-300x188.jpg","resumo":"A classifica\u00e7\u00e3o do Corinthians na Copa Sul-Americana j\u00e1 \u00e9 passado para o t\u00e9cnico F\u00e1bio Carille"},"474544":{"titulo":"Ituano atravessa negocia\u00e7\u00e3o da Ponte e contrata zagueiro do Red Bull Brasil","link":"https:\/\/www.futebolinterior.com.br\/ituano-atravessa-negociacao-da-ponte-e-contrata-zagueiro-do-red-bull-brasil\/","chapeu":"ACABOU","data":"11\/05\/2017","imagem":"https:\/\/images.futebolinterior.com.br\/2021\/04\/0002050241517_img-300x226.jpg","resumo":"O Ituano conseguiu atravessar a negocia\u00e7\u00e3o da Ponte Preta para o in\u00edcio do Campeonato Brasileiro"},"474624":{"titulo":"Descontente no Bar\u00e7a e sonhando com a Copa, Rafinha pode vir para o Flamengo","link":"https:\/\/www.futebolinterior.com.br\/descontente-no-barca-e-sonhando-com-a-copa-rafinha-pode-vir-para-o-flamengo\/","chapeu":"SER\u00c1?","data":"11\/05\/2017","imagem":"https:\/\/images.futebolinterior.com.br\/2021\/04\/0002050241514_img-300x208.jpg","resumo":"O Flamengo caminha a passos largos para ter o melhor elenco do Brasil"}}