{"474720":{"titulo":"Ponte Preta ajusta op\u00e7\u00f5es na defesa: dois refor\u00e7os nas vagas de duas baixas","link":"https:\/\/www.futebolinterior.com.br\/ponte-preta-ajusta-opcoes-na-defesa-dois-reforcos-nas-vagas-de-duas-baixas\/","chapeu":"AJUSTE L\u00c1 ATR\u00c1S","data":"11\/05\/2017","imagem":"https:\/\/images.futebolinterior.com.br\/2021\/04\/0002050241628_img-300x283.jpg","resumo":"Rodrigo e Luan Peres s\u00e3o op\u00e7\u00f5es para as vagas de F\u00e1bio Ferreira, dispensado, e Yago, machucado"},"474388":{"titulo":"Criticado pela torcida, Vitor Bueno celebra recupera\u00e7\u00e3o no Santos e promete mais","link":"https:\/\/www.futebolinterior.com.br\/criticado-pela-torcida-vitor-bueno-celebra-recuperacao-no-santos-e-promete-mais\/","chapeu":"AGORA VAI?","data":"11\/05\/2017","imagem":"https:\/\/images.futebolinterior.com.br\/2021\/04\/0002050241625_img-300x170.jpg","resumo":"Ele foi um dos destaques na vit\u00f3ria alvinegra sobre o Paysandu, pela Copa do Brasil, com duas assist\u00eancias"},"474481":{"titulo":"Tch\u00ea Tch\u00ea critica papel que exercia no Palmeiras: 'Prefiro o estilo de jogo do Cuca'","link":"https:\/\/www.futebolinterior.com.br\/tche-tche-critica-papel-que-exercia-no-palmeiras-prefiro-o-estilo-de-jogo-do-cuca\/","chapeu":"EITA!","data":"11\/05\/2017","imagem":"https:\/\/images.futebolinterior.com.br\/2021\/04\/0002050241623_img-300x186.jpg","resumo":"A reestreia do t\u00e9cnico est\u00e1 marcada para domingo, contra o Vasco, no Allianz Parque, pelo Campeonato Brasileiro"},"474661":{"titulo":"Emerson Sheik e Rodrigo est\u00e3o fora da estreia da Ponte Preta contra o Sport","link":"https:\/\/www.futebolinterior.com.br\/emerson-sheik-e-rodrigo-estao-fora-da-estreia-da-ponte-preta-contra-o-sport\/","chapeu":"REFOR\u00c7OS FORA","data":"11\/05\/2017","imagem":"https:\/\/images.futebolinterior.com.br\/2021\/04\/0002050241619_img-200x300.jpg","resumo":"Sheik j\u00e1 tem registro, mas Rodrigo n\u00e3o. Ambos ainda precisam se condicionar fisicamente"},"474732":{"titulo":"Lazio mira Balbuena, do Corinthians, para a pr\u00f3xima janela de transfer\u00eancia","link":"https:\/\/www.futebolinterior.com.br\/lazio-mira-balbuena-do-corinthians-para-a-proxima-janela-de-transferencia\/","chapeu":"DE SA\u00cdDA?","data":"11\/05\/2017","imagem":"https:\/\/images.futebolinterior.com.br\/2021\/04\/0002050241622_img-300x188.jpg","resumo":"Titular absoluto desde o ano passado, o beque tem contrato com o Tim\u00e3o at\u00e9 dezembro de 2018"},"474744":{"titulo":"Estranho: Ap\u00f3s ser contratado como dirigente, Petkovic \u00e9 o novo t\u00e9cnico do Vit\u00f3ria","link":"https:\/\/www.futebolinterior.com.br\/estranho-apos-ser-contratado-como-dirigente-petkovic-e-o-novo-tecnico-do-vitoria\/","chapeu":"FECHADO!","data":"11\/05\/2017","imagem":"https:\/\/images.futebolinterior.com.br\/2021\/04\/0002050241616_img-300x225.jpg","resumo":"Para o duelo contra o Ava\u00ed, Wesley Carvalho estar\u00e1 a frente do time na estreia do Brasileir\u00e3o"},"474673":{"titulo":"Sonho antigo, Ernando volta a ser procurado pelo Fluminense","link":"https:\/\/www.futebolinterior.com.br\/sonho-antigo-ernando-volta-a-ser-procurado-pelo-fluminense\/","chapeu":"NA MIRA","data":"11\/05\/2017","imagem":"https:\/\/images.futebolinterior.com.br\/2021\/04\/0002050241611_img-300x200.jpg","resumo":"O beque est\u00e1 sem clima no Colorado e pode ser emprestado ao Tricolor das Laranjeiras"},"474693":{"titulo":"'O Corinthians est\u00e1 com a confian\u00e7a l\u00e1 em cima', diz Jadson ao projetar estreia","link":"https:\/\/www.futebolinterior.com.br\/o-corinthians-esta-com-a-confianca-la-em-cima-diz-jadson-ao-projetar-estreia\/","chapeu":"VAI BRILHAR?","data":"11\/05\/2017","imagem":"https:\/\/images.futebolinterior.com.br\/2021\/04\/0002050241595_img-300x169.jpg","resumo":"A campanha vitoriosa no Estadual tamb\u00e9m \u00e9 apontada como refer\u00eancia pelo jogador para a disputa do Brasileir\u00e3o"},"474736":{"titulo":"Antes do 100\u00ba jogo pelo Vasco, Nen\u00ea celebra marca e mira vaga na Libertadores","link":"https:\/\/www.futebolinterior.com.br\/antes-do-100o-jogo-pelo-vasco-nene-celebra-marca-e-mira-vaga-na-libertadores\/","chapeu":"DE PARAB\u00c9NS","data":"11\/05\/2017","imagem":"https:\/\/images.futebolinterior.com.br\/2021\/04\/0002050241591_img-300x200.jpg","resumo":"A estreia do Vasco no Campeonato Brasileiro ser\u00e1 um jogo especial para Nen\u00ea. O compromisso do pr\u00f3ximo domingo com o Palmeiras, em S\u00e3o Paulo, ser\u00e1 a cent\u00e9sima partida do meia pelo c"},"474526":{"titulo":"Sa\u00edda de Alecsandro servir\u00e1 para Palmeiras pagar d\u00edvida com o Coritiba","link":"https:\/\/www.futebolinterior.com.br\/saida-de-alecsandro-servira-para-palmeiras-pagar-divida-com-o-coritiba\/","chapeu":"FOI O JEITO","data":"11\/05\/2017","imagem":"https:\/\/images.futebolinterior.com.br\/2021\/04\/0002050241590_img-300x194.jpg","resumo":"A negocia\u00e7\u00e3o vai abater uma parte do valor pendente pela vinda do meia Raphael Veiga ao clube paulista"}}