{"474149":{"titulo":"Ap\u00f3s gestos de cordialidade, Santos pode negociar com tr\u00eas jogadores do Paysandu","link":"https:\/\/www.futebolinterior.com.br\/apos-gestos-de-cordialidade-santos-pode-negociar-com-tres-jogadores-do-paysandu\/","chapeu":"GOSTOU","data":"12\/05\/2017","imagem":0,"resumo":"O volante Rodrigo Andrade, o atacante Leandro Carvalho e o centroavante Bergson foram elogiados pelo t\u00e9cnico Dorival J\u00fanior"},"474284":{"titulo":"Em pouco mais de 2 anos, patrocinadora coloca quase um time inteiro no Palmeiras","link":"https:\/\/www.futebolinterior.com.br\/em-pouco-mais-de-2-anos-patrocinadora-coloca-quase-um-time-inteiro-no-palmeiras\/","chapeu":"MAM\u00c3E!","data":"12\/05\/2017","imagem":"https:\/\/images.futebolinterior.com.br\/2021\/04\/0002050241692_img-300x169.jpg","resumo":"O pagamento de R$ 1,5 mi em luvas para a assinatura do contrato de Cuca levou a empresa a atingir cerca de R$ 82 mi em investimento"},"474162":{"titulo":"Tridente formado por J\u00f4, Rodriguinho e Jadson d\u00e1 equil\u00edbrio ao Corinthians","link":"https:\/\/www.futebolinterior.com.br\/tridente-formado-por-jo-rodriguinho-e-jadson-da-equilibrio-ao-corinthians\/","chapeu":"FUNCIONANDO","data":"12\/05\/2017","imagem":"https:\/\/images.futebolinterior.com.br\/2021\/04\/0002050241690_img-300x199.jpg","resumo":"A evolu\u00e7\u00e3o do grupo foi colocada \u00e0 prova no Chile na \u00faltima quarta-feira e ratificada com a classifica\u00e7\u00e3o na Sul-Americana"},"474639":{"titulo":"Dirigente do S\u00e3o Paulo banca perman\u00eancia de Rog\u00e9rio Ceni","link":"https:\/\/www.futebolinterior.com.br\/dirigente-do-sao-paulo-banca-permanencia-de-rogerio-ceni\/","chapeu":"ELE FICA","data":"12\/05\/2017","imagem":"https:\/\/images.futebolinterior.com.br\/2021\/04\/0002050241688_img-300x193.jpg","resumo":"O executivo de futebol disse que o trabalho do treinador no dia a dia \u00e9 muito bom"},"474322":{"titulo":"Flamengo e Corinthians abrem o Brasileir\u00e3o no s\u00e1bado","link":"https:\/\/www.futebolinterior.com.br\/flamengo-e-corinthians-abrem-o-brasileirao-no-sabado\/","chapeu":"OPINI\u00c3O","data":"12\/05\/2017","imagem":"https:\/\/images.futebolinterior.com.br\/2021\/04\/0002050241673_img-300x197.jpg","resumo":"Os clubes de maiores torcida do brasil v\u00e3o jogar s\u00e1bado, na abertura do Brasileir\u00e3o 2017"},"474336":{"titulo":"Palmeiras empresta goleiro F\u00e1bio para o S\u00e3o Bento","link":"https:\/\/www.futebolinterior.com.br\/palmeiras-empresta-goleiro-fabio-para-o-sao-bento\/","chapeu":"MAIS UM","data":"11\/05\/2017","imagem":"https:\/\/images.futebolinterior.com.br\/2021\/04\/0002050241657_img-300x203.jpg","resumo":"O jogador de 27 anos tem contrato com o Verd\u00e3o at\u00e9 agosto e dificilmente vai renovar"},"474198":{"titulo":"Roger entoa discurso e mant\u00e9m mist\u00e9rio no Botafogo para estreia no Brasileiro","link":"https:\/\/www.futebolinterior.com.br\/roger-entoa-discurso-e-mantem-misterio-no-botafogo-para-estreia-no-brasileiro\/","chapeu":"NINGU\u00c9M SABE","data":"11\/05\/2017","imagem":"https:\/\/images.futebolinterior.com.br\/2021\/04\/0002050241656_img-300x201.jpg","resumo":"Atacante n\u00e3o quis confirmar qualquer proposta de jogo do t\u00e9cnico Jair Ventura diante do Gr\u00eamio"},"474347":{"titulo":"Cuca faz mist\u00e9rio e escala Palmeiras com 11 na linha em treino","link":"https:\/\/www.futebolinterior.com.br\/cuca-faz-misterio-e-escala-palmeiras-com-11-na-linha-em-treino\/","chapeu":"COME\u00c7OU","data":"11\/05\/2017","imagem":"https:\/\/images.futebolinterior.com.br\/2021\/04\/0002050241649_img-300x169.jpg","resumo":"A principal d\u00favida est\u00e1 no setor ofensivo, onde tr\u00eas jogadores brigam por duas vagas"},"474230":{"titulo":"Presidente do Gr\u00eamio se re\u00fane com elenco e cobra mobiliza\u00e7\u00e3o em m\u00eas decisivo","link":"https:\/\/www.futebolinterior.com.br\/presidente-do-gremio-se-reune-com-elenco-e-cobra-mobilizacao-em-mes-decisivo\/","chapeu":"ACORDA A\u00ca","data":"11\/05\/2017","imagem":"https:\/\/images.futebolinterior.com.br\/2021\/04\/0002050241636_img-300x200.jpg","resumo":"A elimina\u00e7\u00e3o nas semifinais do Campeonato Ga\u00facho e a primeira derrota na fase de grupos da Copa Libertadores acenderam o sinal de alerta no Gr\u00eamio. Preocupado em n\u00e3o ver o time nau"},"474711":{"titulo":"Fluminense acerta venda de atacante Samuel para clube dos Emirados \u00c1rabes","link":"https:\/\/www.futebolinterior.com.br\/fluminense-acerta-venda-de-atacante-samuel-para-clube-dos-emirados-arabes\/","chapeu":"BYE BYE, BRASIL","data":"11\/05\/2017","imagem":"https:\/\/images.futebolinterior.com.br\/2021\/04\/0002050241634_img-300x176.jpg","resumo":"O jogador j\u00e1 estava emprestado ao Hatta Club e foi comprado em definitivo com contrato de mais dois anos"}}