{"474191":{"titulo":"Corinthians cede dois jogadores e paga R$ 4 milh\u00f5es por destaque da Ponte Preta","link":"https:\/\/www.futebolinterior.com.br\/corinthians-cede-dois-jogadores-e-paga-r-4-milhoes-por-destaque-da-ponte-preta\/","chapeu":"AGORA VAI!","data":"12\/05\/2017","imagem":"https:\/\/images.futebolinterior.com.br\/2021\/04\/0002050241743_img-300x174.jpg","resumo":"Claudinho e L\u00e9o Artur v\u00e3o refor\u00e7ar a Macaca durante o Campeonato Brasileiro"},"474319":{"titulo":"Seijas deixa o Inter e assina com a Chapecoense por empr\u00e9stimo para o Brasileir\u00e3o","link":"https:\/\/www.futebolinterior.com.br\/seijas-deixa-o-inter-e-assina-com-a-chapecoense-por-emprestimo-para-o-brasileirao\/","chapeu":"FECHADIO!","data":"12\/05\/2017","imagem":"https:\/\/images.futebolinterior.com.br\/2021\/04\/0002050241741_img-300x152.jpg","resumo":"Sem espa\u00e7o com Ant\u00f4nio Carlos Zago no elenco nesta temporada, Seijas vinha conversando com outras equipes nos \u00faltimos meses"},"474574":{"titulo":"Milton Mendes v\u00ea Vasco forte e projeta 'surpreender os mais c\u00e9ticos' no domingo","link":"https:\/\/www.futebolinterior.com.br\/milton-mendes-ve-vasco-forte-e-projeta-surpreender-os-mais-ceticos-no-domingo\/","chapeu":"SER\u00c1?","data":"12\/05\/2017","imagem":"https:\/\/images.futebolinterior.com.br\/2021\/04\/0002050241740_img-300x200.jpg","resumo":"O Trem Bala da Colina vai estrear no torneio diante do atual campe\u00e3o Palmeiras"},"474488":{"titulo":"Ex-Ponte, Cicinho tenta renovar com time b\u00falgaro para ser liberado ao Corinthians","link":"https:\/\/www.futebolinterior.com.br\/ex-ponte-cicinho-tenta-renovar-com-time-bulgaro-para-ser-liberado-ao-corinthians\/","chapeu":"UIA!","data":"12\/05\/2017","imagem":"https:\/\/images.futebolinterior.com.br\/2021\/04\/0002050241737_img-300x212.jpg","resumo":"O jogador v\u00ea com bons olhos um retorno ao futebol brasileiro; No Tim\u00e3o, deve se reserva de Fagner"},"474339":{"titulo":"Renato Ga\u00facho minimiza cobran\u00e7as e diz que presidente 'veio dar abra\u00e7o no grupo'","link":"https:\/\/www.futebolinterior.com.br\/renato-gaucho-minimiza-cobrancas-e-diz-que-presidente-veio-dar-abraco-no-grupo\/","chapeu":"SEGUE O JOGO","data":"12\/05\/2017","imagem":"https:\/\/images.futebolinterior.com.br\/2021\/04\/0002050241733_img-300x146.jpg","resumo":"A reuni\u00e3o com o presidente foi motivada pela maratona de jogos que o time vai enfrentar nas pr\u00f3ximas semanas "},"474091":{"titulo":"Zagueiro do Corinthians interessa a quatro grandes times, diz agente","link":"https:\/\/www.futebolinterior.com.br\/zagueiro-do-corinthians-interessa-a-quatro-grandes-times-diz-agente\/","chapeu":"ABRE O OLHO","data":"12\/05\/2017","imagem":"https:\/\/images.futebolinterior.com.br\/2021\/04\/0002050241730_img-300x300.jpg","resumo":"Representante de Pablo, o advogado Fernando C\u00e9sar afirmou que encontra dificuldades nas negocia\u00e7\u00f5es com o Corinthians"},"474359":{"titulo":"Emerson Sheik \u00e9 apresentado e afirma: 'Estou aqui para viver a Ponte Preta'","link":"https:\/\/www.futebolinterior.com.br\/emerson-sheik-e-apresentado-e-afirma-estou-aqui-para-viver-a-ponte-preta\/","chapeu":"OLHO NELE!","data":"12\/05\/2017","imagem":"https:\/\/images.futebolinterior.com.br\/2021\/04\/0002050241722_img-300x169.jpg","resumo":"O atacante prometeu muito comprometimento para ajudar a Macaca conquistar seus objetivos"},"474245":{"titulo":"Coritiba pede R$ 17 milh\u00f5es para liberar zagueiro Juninho ao Palmeiras","link":"https:\/\/www.futebolinterior.com.br\/coritiba-pede-r-17-milhoes-para-liberar-zagueiro-juninho-ao-palmeiras\/","chapeu":"PESADO!","data":"12\/05\/2017","imagem":"https:\/\/images.futebolinterior.com.br\/2021\/04\/0002050241708_img-300x179.jpg","resumo":"O jogador chegaria para ocupar a vaga de Vitor Hugo, \u00e0 caminho da Fiorentina"},"474128":{"titulo":"\u00cdbis pede contrata\u00e7\u00e3o de Ceni e torcida fala em Luxa no S\u00e3o Paulo","link":"https:\/\/www.futebolinterior.com.br\/ibis-pede-contratacao-de-ceni-e-torcida-fala-em-luxa-no-sao-paulo\/","chapeu":"MAIS ESSA!","data":"12\/05\/2017","imagem":"https:\/\/images.futebolinterior.com.br\/2021\/04\/0002050241700_img-300x142.png","resumo":"A zoeira foi grande nas redes sociais ap\u00f3s a elimina\u00e7\u00e3o do Tricolor na Sul-Americana"},"474274":{"titulo":"S\u00e3o Paulo entra na briga com Plameiras e Fla para ter Everton Ribeiro","link":"https:\/\/www.futebolinterior.com.br\/sao-paulo-entra-na-briga-com-plameiras-e-fla-para-ter-everton-ribeiro\/","chapeu":"TENTADOR!","data":"12\/05\/2017","imagem":"https:\/\/images.futebolinterior.com.br\/2021\/04\/0002050241695_img-300x200.jpg","resumo":"O jogador \u00e9 uma cartada da diretoria para acalmar os \u00e2nimos ap\u00f3s a elimina\u00e7\u00e3o vexat\u00f3ria na Sul-Americana"}}