{"642450":{"titulo":"Oswaldo de Oliveira ironiza poss\u00edvel demiss\u00e3o no Palmeiras: 'Falta de criatividade'","link":"https:\/\/www.futebolinterior.com.br\/oswaldo-de-oliveira-ironiza-possivel-demissao-no-palmeiras-falta-de-criatividade\/","chapeu":"BRICANDO COM FOGO","data":"08\/06\/2015","imagem":"https:\/\/images.futebolinterior.com.br\/2021\/04\/0002050086069_img-300x191.jpg","resumo":"O elenco do Palmeiras volta aos treinos na ter\u00e7a-feira e joga no domingo, contra o Fluminense, no Allianz Parque"},"642455":{"titulo":"Presidente garante Luis Fabiano no S\u00e3o Paulo at\u00e9 dezembro deste ano","link":"https:\/\/www.futebolinterior.com.br\/presidente-garante-luis-fabiano-no-sao-paulo-ate-dezembro-deste-ano\/","chapeu":"BATEU O P\u00c9","data":"08\/06\/2015","imagem":"https:\/\/images.futebolinterior.com.br\/2021\/04\/0002050086065_img-300x192.jpg","resumo":"Para o dirigente, depois de renovar com o meia\/atacante Michel Bastos e com o goleiro e capit\u00e3o Rog\u00e9rio Ceni, o pr\u00f3ximo item da lista de prioridades \u00e9 conversar com Luis"},"642457":{"titulo":"Tite quer que Ralf renove e continue no Corinthians","link":"https:\/\/www.futebolinterior.com.br\/tite-quer-que-ralf-renove-e-continue-no-corinthians\/","chapeu":"SURPRESA","data":"08\/06\/2015","imagem":"https:\/\/images.futebolinterior.com.br\/2021\/04\/0002050086063_img-300x225.jpg","resumo":"Visivelmente incomodado com a situa\u00e7\u00e3o e agora reserva de Cristian, o volante deixa o futuro em aberto"},"642462":{"titulo":"Sport aprova empate com Fluminense e todos discutem onde vai ser usado os dinheir\u00e3o que entrou com venda de Joelinton","link":"https:\/\/www.futebolinterior.com.br\/sport-aprova-empate-com-fluminense-e-todos-discutem-onde-vai-ser-usado-os-dinheirao-que-entrou-com-venda-de-joelinton\/","chapeu":"REFOR\u00c7OS OU NADA?","data":"07\/06\/2015","imagem":"https:\/\/images.futebolinterior.com.br\/2021\/04\/0002050086023_img-300x201.jpg","resumo":"Com a venda de Joelinton que teria sido por 7 milh\u00f5es de euros \u2013 perto de R$ 25 milh\u00f5es \u2013 Hoffenheim, da Alemanha, para o t\u00e9cnico espera por refor\u00e7os para o restante do Brasileir\u00e3o"},"642477":{"titulo":"Sele\u00e7\u00e3o Futebol Interior do BRASILEIR\u00c3O traz autores de gola\u00e7os e recordista","link":"https:\/\/www.futebolinterior.com.br\/selecao-futebol-interior-do-brasileirao-traz-autores-de-golacos-e-recordista\/","chapeu":"OS FERAS!","data":"07\/06\/2015","imagem":"https:\/\/images.futebolinterior.com.br\/2021\/04\/0002050085953_img-300x186.png","resumo":"Mais uma rodada e o Campeonato Brasileiro segue sendo dominado por surpresas."},"642482":{"titulo":"Figueirense 2 x 1 Palmeiras - Verd\u00e3o perde mais uma e sombra de Marcelo Oliveira pressiona Oswaldo","link":"https:\/\/www.futebolinterior.com.br\/figueirense-2-x-1-palmeiras-verdao-perde-mais-uma-e-sombra-de-marcelo-oliveira-pressiona-oswaldo\/","chapeu":"QUE FASE!","data":"07\/06\/2015","imagem":0,"resumo":"O Alvinegro teve uma grande atua\u00e7\u00e3o e n\u00e3o deixou o Alviverde criar muitas oportunidades"},"642480":{"titulo":"Fluminense 0 x 0 Sport - Jogo bom para dormir...","link":"https:\/\/www.futebolinterior.com.br\/fluminense-0-x-0-sport-jogo-bom-para-dormir\/","chapeu":"DEU SONO","data":"07\/06\/2015","imagem":"https:\/\/images.futebolinterior.com.br\/2021\/04\/0002050085949_img-300x201.jpg","resumo":"Os dois times se demonstraram medrosos, sem conseguirem furar a defesa advers\u00e1ria e criando pouqu\u00edssimas oportunidades de gols."},"642485":{"titulo":"BRASILEIR\u00c3O: Internacional vence com festa a ex-\u00eddolo, enquanto Figueirense e Ava\u00ed vencem jogando como time pequeno","link":"https:\/\/www.futebolinterior.com.br\/brasileirao-internacional-vence-com-festa-a-ex-idolo-enquanto-figueirense-e-avai-vencem-jogando-como-time-pequeno\/","chapeu":"DUPLA CATARINENSE GANHA","data":"07\/06\/2015","imagem":"https:\/\/images.futebolinterior.com.br\/2021\/04\/0002050085948_img-300x100.jpg","resumo":"G$ com a surpresa Atl\u00e9tico Paranaense na lideran\u00e7a, com 15 pontos, S\u00e3o Paulo, com 13, Ponte Preta e Sport Recife com 12 pontos e, agora, os \u00fanicos invictos."},"642492":{"titulo":"Goi\u00e1s 0 x 1 Ava\u00ed - Le\u00e3o surpreende e complica esmeraldinos...","link":"https:\/\/www.futebolinterior.com.br\/goias-0-x-1-avai-leao-surpreende-e-complica-esmeraldinos\/","chapeu":"CRISE?","data":"07\/06\/2015","imagem":0,"resumo":"Time catarinense arrancou vit\u00f3ria com gol no final e subiu na classifica\u00e7\u00e3o"},"642559":{"titulo":"Presidente defende Marcelo Fernandes no Santos e diz que ele n\u00e3o erra passes","link":"https:\/\/www.futebolinterior.com.br\/presidente-defende-marcelo-fernandes-no-santos-e-diz-que-ele-nao-erra-passes\/","chapeu":"CULPADOS","data":"07\/06\/2015","imagem":"https:\/\/images.futebolinterior.com.br\/2021\/04\/0002050085856_img-300x191.jpg","resumo":"O empate do Santos por 2 a 2 com a Ponte Preta, na Vila Belmiro, no \u00faltimo s\u00e1bado, fez com que a press\u00e3o em cima do trabalho do t\u00e9cnico Marcelo Fernandes"}}