{"642549":{"titulo":"Jadson d\u00e1 nota 8 ao Corinthians ap\u00f3s vit\u00f3ria em Joinville","link":"https:\/\/www.futebolinterior.com.br\/jadson-da-nota-8-ao-corinthians-apos-vitoria-em-joinville\/","chapeu":"BOM TAMANHO!","data":"07\/06\/2015","imagem":"https:\/\/images.futebolinterior.com.br\/2021\/04\/0002050085855_img-300x200.jpg","resumo":"Neste s\u00e1bado, o Tim\u00e3o voltou a vencer ap\u00f3s derrotar o JEC pelo placar de 1 a 0"},"642575":{"titulo":"Alvo de time portugu\u00eas, atacante Jo\u00e3o Paulo diz querer ficar no S\u00e3o Paulo","link":"https:\/\/www.futebolinterior.com.br\/alvo-de-time-portugues-atacante-joao-paulo-diz-querer-ficar-no-sao-paulo\/","chapeu":"EU FICO","data":"07\/06\/2015","imagem":"https:\/\/images.futebolinterior.com.br\/2021\/04\/0002050085853_img-300x193.jpg","resumo":" O S\u00e3o Paulo j\u00e1 come\u00e7a a enfrentar o ass\u00e9dio europeu por uma das revela\u00e7\u00f5es das categorias de base. "},"642551":{"titulo":"T\u00e9cnico da Ponte Preta, Guto Ferreira valoriza ponto conquistado fora contra o Santos","link":"https:\/\/www.futebolinterior.com.br\/tecnico-da-ponte-preta-guto-ferreira-valoriza-ponto-conquistado-fora-contra-o-santos\/","chapeu":"ELE FALOU!","data":"07\/06\/2015","imagem":"https:\/\/images.futebolinterior.com.br\/2021\/04\/0002050085854_img-300x153.jpg","resumo":"O treinador destacou a entrega dos atletas, que buscaram o empate at\u00e9 o \u00faltimo miutos"},"642553":{"titulo":"T\u00e9cnico Milton Mendes comemora vit\u00f3ria do Atl\u00e9tico-PR diante de um time \"muito bom\"","link":"https:\/\/www.futebolinterior.com.br\/tecnico-milton-mendes-comemora-vitoria-do-atletico-pr-diante-de-um-time-muito-bom\/","chapeu":"FALA PROFESSOR!","data":"07\/06\/2015","imagem":0,"resumo":"O treinador afirmou que o Vasco tem muito o que evoluir na competi\u00e7\u00e3o e que o Furac\u00e3o fez fazendo os eu trabalho ao construir a famosa \"gordurinha\""},"642561":{"titulo":"Coritiba confirma a contrata\u00e7\u00e3o de Lucio Fl\u00e1vio, ex-camisa 10 de Paran\u00e1 e S\u00e3o Paulo","link":"https:\/\/www.futebolinterior.com.br\/coritiba-confirma-a-contratacao-de-lucio-flavio-ex-camisa-10-de-parana-e-sao-paulo\/","chapeu":"NOVO MAESTRO","data":"07\/06\/2015","imagem":"https:\/\/images.futebolinterior.com.br\/2021\/04\/0002050085842_img-300x200.jpg","resumo":" A dire\u00e7\u00e3o do Coritiba demorou, mas finalmente percebeu que ser\u00e1 dif\u00edcil conseguir bons resultados dentro de campo com um elenco t\u00e3o limitado."},"642570":{"titulo":"Ponte Preta fica a detalhes de contratar Renan, volante revela\u00e7\u00e3o da Portuguesa","link":"https:\/\/www.futebolinterior.com.br\/ponte-preta-fica-a-detalhes-de-contratar-renan-volante-revelacao-da-portuguesa\/","chapeu":"MAIS UM","data":"07\/06\/2015","imagem":"https:\/\/images.futebolinterior.com.br\/2021\/04\/0002050085839_img-300x169.jpg","resumo":"Depois de Marcos Serrato, que veio do Paran\u00e1, a Ponte Preta est\u00e1 muito pr\u00f3xima de anunciar mais um refor\u00e7o que chega sem custos"},"642583":{"titulo":"Brasileir\u00e3o: Hist\u00f3rico de confronto entre Goi\u00e1s e Ava\u00ed \u00e9 marcado por equil\u00edbrio","link":"https:\/\/www.futebolinterior.com.br\/brasileirao-historico-de-confronto-entre-goias-e-avai-e-marcado-por-equilibrio\/","chapeu":"PAU A PAU","data":"07\/06\/2015","imagem":"https:\/\/images.futebolinterior.com.br\/2021\/04\/0002050085833_img-300x200.jpg","resumo":" Goi\u00e1s e Ava\u00ed se enfrentam neste domingo, \u00e0s 19h30, no est\u00e1dio Serra Dourada, em Goi\u00e2nia, pela sexta rodada do Campeonato Brasileiro. O Esmeraldino ocupa a 10\u00aa coloca\u00e7\u00e3o com oito p"},"642587":{"titulo":"Internacional 2 x 0 Coritiba - Com homenagem a Fernand\u00e3o, Inter atropela o Coxa","link":"https:\/\/www.futebolinterior.com.br\/internacional-2-x-0-coritiba-com-homenagem-a-fernandao-inter-atropela-o-coxa\/","chapeu":"UM PASSEIO!","data":"07\/06\/2015","imagem":0,"resumo":"Em partida matinal marcada por homenagens ao primeiro ano de falecimento do ex-jogador Fernand\u00e3o, o Internacional venceu o Coritiba por 2 a 0, neste domingo, no Beira-Rio"},"642605":{"titulo":"Primeira vit\u00f3ria d\u00e1 sensa\u00e7\u00e3o de al\u00edvio a jogadores do Flamengo","link":"https:\/\/www.futebolinterior.com.br\/primeira-vitoria-da-sensacao-de-alivio-a-jogadores-do-flamengo\/","chapeu":"UFA!","data":"07\/06\/2015","imagem":"https:\/\/images.futebolinterior.com.br\/2021\/04\/0002050085813_img-300x200.png","resumo":"Foram necess\u00e1rias seis rodadas at\u00e9 que o Flamengo conquistasse a sua primeira vit\u00f3ria no Campeonato Brasileiro, s\u00e1bado \u00e0 noite, por 1 a 0, sobre a Chapecoense. O resultado tirou o "},"642611":{"titulo":"Levir Culpi reconhece superioridade do Cruzeiro: 'N\u00e3o foi o nosso dia'","link":"https:\/\/www.futebolinterior.com.br\/levir-culpi-reconhece-superioridade-do-cruzeiro-nao-foi-o-nosso-dia\/","chapeu":"FIM DO TABU!","data":"07\/06\/2015","imagem":"https:\/\/images.futebolinterior.com.br\/2021\/04\/0002050085811_img-254x300.jpg","resumo":"hegou ao fim, s\u00e1bado \u00e0 noite, uma invencibilidade de 11 jogos do Atl\u00e9tico-MG diante do Cruzeiro. A equipe alvinegra entrou em campo favorita no Independ\u00eancia"}}