{"642394":{"titulo":"Ponte Preta fecha o treino de toda a semana e aumenta especula\u00e7\u00f5es sobre transfer\u00eancias","link":"https:\/\/www.futebolinterior.com.br\/ponte-preta-fecha-o-treino-de-toda-a-semana-e-aumenta-especulacoes-sobre-transferencias\/","chapeu":"BOCA CALADA","data":"08\/06\/2015","imagem":"https:\/\/images.futebolinterior.com.br\/2021\/04\/0002050086117_img-300x153.jpg","resumo":" Recebendo propostas de diversos clubes pelos seus principais jogadores \u2013 principalmente Renato Caj\u00e1, Rodinei e Rildo"},"642403":{"titulo":"Vira casaca? Artilheiro do Bahia, Kieza engata romance com Naiane Oliveira, musa do Vit\u00f3ria","link":"https:\/\/www.futebolinterior.com.br\/vira-casaca-artilheiro-do-bahia-kieza-engata-romance-com-naiane-oliveira-musa-do-vitoria\/","chapeu":"AMOR SEM RIVALIDADES","data":"08\/06\/2015","imagem":"https:\/\/images.futebolinterior.com.br\/2021\/04\/0002050086108_img-300x248.jpg","resumo":"\u00cddolo recente do Bahia gra\u00e7as ao in\u00fameros gols marcados pelo Tricolor no in\u00edcio da atual temporada, o atacante Kieza pode dividir a torcida dos principais clubes "},"642415":{"titulo":"Atacante indisciplinado do Atl\u00e9tico-MG, Andr\u00e9 deve fechar com o Coritiba","link":"https:\/\/www.futebolinterior.com.br\/atacante-indisciplinado-do-atletico-mg-andre-deve-fechar-com-o-coritiba\/","chapeu":"MUDAN\u00c7A DE ARES","data":"08\/06\/2015","imagem":"https:\/\/images.futebolinterior.com.br\/2021\/04\/0002050086093_img-300x200.jpg","resumo":" Encostado no Atl\u00e9tico-MG devido aos in\u00fameros atos de indisciplina, o atacante Andr\u00e9 est\u00e1 pr\u00f3ximo de acertar com outro time do Brasileir\u00e3o. "},"642423":{"titulo":"Tribunal adia julgamento e Dudu segue liberado para defender Palmeiras","link":"https:\/\/www.futebolinterior.com.br\/tribunal-adia-julgamento-e-dudu-segue-liberado-para-defender-palmeiras\/","chapeu":"PODE ISSO?","data":"08\/06\/2015","imagem":"https:\/\/images.futebolinterior.com.br\/2021\/04\/0002050086092_img-300x200.jpg","resumo":"O atacante Dudu, do Palmeiras, pode continuar atuando sob efeito suspensivo. Um novo julgamento do jogador estava marcado para esta segunda-feira, \u00e0s 18 horas, mas foi adiado"},"642417":{"titulo":"Com Ganso em baixa, S\u00e3o Paulo entra na briga por Renato Caj\u00e1, da Ponte Preta","link":"https:\/\/www.futebolinterior.com.br\/com-ganso-em-baixa-sao-paulo-entra-na-briga-por-renato-caja-da-ponte-preta\/","chapeu":"NO P\u00c1REO","data":"08\/06\/2015","imagem":"https:\/\/images.futebolinterior.com.br\/2021\/04\/0002050086089_img-300x300.jpg","resumo":"Caj\u00e1 foi oferecido por seus empres\u00e1rios ao time do Morumbi. Assim como j\u00e1 havia acontecido com o Cruzeiro"},"642426":{"titulo":"Coritiba demite Marquinhos Santos e traz Ney Franco de volta","link":"https:\/\/www.futebolinterior.com.br\/coritiba-demite-marquinhos-santos-e-traz-ney-franco-de-volta\/","chapeu":"ELE VOLTOU","data":"08\/06\/2015","imagem":"https:\/\/images.futebolinterior.com.br\/2021\/04\/0002050086083_img-300x225.jpg","resumo":" Uma bomba caiu em Curitiba na manh\u00e3 desta segunda-feira. Mesmo com a diretoria negando uma demiss\u00e3o de Marquinhos Santos ap\u00f3s a derrota por 2 a 0 "},"642442":{"titulo":"Fred diz que deixou jogo do Flu por 'preven\u00e7\u00e3o' e est\u00e1 otimista para domingo","link":"https:\/\/www.futebolinterior.com.br\/fred-diz-que-deixou-jogo-do-flu-por-prevencao-e-esta-otimista-para-domingo\/","chapeu":"SER\u00c1 QUE D\u00c1?","data":"08\/06\/2015","imagem":"https:\/\/images.futebolinterior.com.br\/2021\/04\/0002050086077_img-300x201.jpg","resumo":"O atacante Fred acabou sendo substitu\u00eddo no intervalo do jogo no qual o Fluminense empatou por 0 a 0 com o Sport, na noite deste domingo, no Maracan\u00e3, pela quinta rodada do Campeon"},"642434":{"titulo":"Gil, do Corinthians, est\u00e1 perto de transfer\u00eancia para o Wolfsburg","link":"https:\/\/www.futebolinterior.com.br\/gil-do-corinthians-esta-perto-de-transferencia-para-o-wolfsburg\/","chapeu":"MAIS UM","data":"08\/06\/2015","imagem":"https:\/\/images.futebolinterior.com.br\/2021\/04\/0002050086074_img-300x190.jpg","resumo":" Um dos principais destaques do Corinthians nos \u00faltimos dois anos, o zagueiro Gil est\u00e1 muito pr\u00f3ximo de uma transfer\u00eancia ao Wolfsburg-ALE. "},"642438":{"titulo":"Cruzeiro descarta contrata\u00e7\u00e3o do meia Renato Caj\u00e1, da Ponte Preta","link":"https:\/\/www.futebolinterior.com.br\/cruzeiro-descarta-contratacao-do-meia-renato-caja-da-ponte-preta\/","chapeu":"UFA!","data":"08\/06\/2015","imagem":"https:\/\/images.futebolinterior.com.br\/2021\/04\/0002050086073_img-300x257.jpg","resumo":"Mesmo com o Cruzeiro fora do p\u00e1reo, outros times est\u00e3o atr\u00e1s do meia pontepretano para a sequ\u00eancia da temporada"},"642446":{"titulo":"Santos descarta refor\u00e7os e quer fechar com Robinho at\u00e9 ter\u00e7a","link":"https:\/\/www.futebolinterior.com.br\/santos-descarta-reforcos-e-quer-fechar-com-robinho-ate-terca\/","chapeu":"EXPECTATIVA","data":"08\/06\/2015","imagem":"https:\/\/images.futebolinterior.com.br\/2021\/04\/0002050086071_img-300x178.jpg","resumo":"O jogador est\u00e1 com a sele\u00e7\u00e3o brasileira, que se prepara para a disputa da Copa Am\u00e9rica, e a delega\u00e7\u00e3o permanecer\u00e1 em S\u00e3o Paulo at\u00e9 ter\u00e7a"}}