{"641763":{"titulo":"No primeiro treino em Mangaratiba, Doriva sinaliza mudan\u00e7as no Vasco","link":"https:\/\/www.futebolinterior.com.br\/no-primeiro-treino-em-mangaratiba-doriva-sinaliza-mudancas-no-vasco\/","chapeu":"\u00c9 PRECISO","data":"10\/06\/2015","imagem":"https:\/\/images.futebolinterior.com.br\/2021\/04\/0002050086673_img-300x204.jpg","resumo":"Ap\u00f3s o treino com final tumultuado na ter\u00e7a-feira, em S\u00e3o Janu\u00e1rio, o Vasco trabalhou com paz e tranquilidade nesta quarta-feira. "},"641746":{"titulo":"Pato retorna aos treinos, mas fica entre os reservas no S\u00e3o Paulo que contou com Centuri\u00f3n","link":"https:\/\/www.futebolinterior.com.br\/pato-retorna-aos-treinos-mas-fica-entre-os-reservas-no-sao-paulo-que-contou-com-centurion\/","chapeu":"VOLTA AO BANCO","data":"10\/06\/2015","imagem":"https:\/\/images.futebolinterior.com.br\/2021\/04\/0002050086672_img-300x188.jpg","resumo":"Pato atuou entre os reservas na atividade, que contou com o retorno do meia argentino Centuri\u00f3n. "},"641728":{"titulo":"Ponte Preta anuncia projeto com Juventus-ITA nesta quinta-feira","link":"https:\/\/www.futebolinterior.com.br\/ponte-preta-anuncia-projeto-com-juventus-ita-nesta-quinta-feira\/","chapeu":"BOA NOT\u00cdCIA!","data":"10\/06\/2015","imagem":"https:\/\/images.futebolinterior.com.br\/2021\/04\/0002050086667_img-300x169.jpg","resumo":"A Ponte Preta apresenta, na manh\u00e3 desta quinta-feira, um projeto com a Juventus, da It\u00e1lia, atual vice-campe\u00e3 da Liga dos Campe\u00f5es. "},"641730":{"titulo":"Ap\u00f3s perder Joelinton, Sport contra Marlone e atacante indisciplinado do Atl\u00e9tico-MG","link":"https:\/\/www.futebolinterior.com.br\/apos-perder-joelinton-sport-contra-marlone-e-atacante-indisciplinado-do-atletico-mg\/","chapeu":"DOIS DE UMA VEZ","data":"10\/06\/2015","imagem":"https:\/\/images.futebolinterior.com.br\/2021\/04\/0002050086666_img-300x206.jpg","resumo":"Quarto colocado no Campeonato Brasileiro, o Sport sonha em permanecer no G4 e conquistar uma vaga na pr\u00f3xima edi\u00e7\u00e3o da Copa Libertadores."},"641781":{"titulo":"Marcelo Oliveira quer Valdivia, mas chileno n\u00e3o deve ficar no Palmeiras","link":"https:\/\/www.futebolinterior.com.br\/marcelo-oliveira-quer-valdivia-mas-chileno-nao-deve-ficar-no-palmeiras\/","chapeu":"EU QUERO","data":"10\/06\/2015","imagem":"https:\/\/images.futebolinterior.com.br\/2021\/04\/0002050086662_img-223x300.jpg","resumo":" Um dos pedidos do t\u00e9cnico Marcelo Oliveira durante a negocia\u00e7\u00e3o com o Palmeiras foi manter o meia Valdivia no elenco"},"641756":{"titulo":"Faca no pesco\u00e7o, agress\u00e3o, v\u00eddeo de sexo... Bernardo, do Vasco, vira alvo de pol\u00edcia","link":"https:\/\/www.futebolinterior.com.br\/faca-no-pescoco-agressao-video-de-sexo-bernardo-do-vasco-vira-alvo-de-policia\/","chapeu":"INFERNO ASTRAL!","data":"10\/06\/2015","imagem":"https:\/\/images.futebolinterior.com.br\/2021\/04\/0002050086641_img-202x300.jpg","resumo":"Bernardo, do Vasco, virou alvo da pol\u00edcia. Ele \u00e9 acusado de agress\u00e3o pela ex-namorada Par\u00edcia Mello. "},"641759":{"titulo":"Com poss\u00edvel sa\u00edda de Ralf, Corinthians sonda Fernando Bob, volante da Ponte Preta","link":"https:\/\/www.futebolinterior.com.br\/com-possivel-saida-de-ralf-corinthians-sonda-fernando-bob-volante-da-ponte-preta\/","chapeu":"N\u00c3O \u00c9 O CAJ\u00c1!","data":"10\/06\/2015","imagem":"https:\/\/images.futebolinterior.com.br\/2021\/04\/0002050086644_img-300x190.jpg","resumo":"O principal alvo do Corinthians para compor o setor no meio de campo \u00e9 Fernando Bob, volante da Ponte Preta que tem se destacado neste in\u00edcio de Campeonato Brasileiro"},"641761":{"titulo":"Figueirense repatria Guilherme Lazaroni, que estava no Portimonense-POR","link":"https:\/\/www.futebolinterior.com.br\/figueirense-repatria-guilherme-lazaroni-que-estava-no-portimonense-por\/","chapeu":"DE VOLTA!","data":"10\/06\/2015","imagem":"https:\/\/images.futebolinterior.com.br\/2021\/04\/0002050086629_img-300x198.jpg","resumo":"O lateral-esquerdo Guilherme Lazaroni est\u00e1 de volta ao Figueirense para a disputa do Campeonato Brasileiro, depois de um per\u00edodo de empr\u00e9stimo ao Portimonense, de Portugal."},"641793":{"titulo":"Ava\u00ed repatria William Bator\u00e9, ex-Ponte Preta e Santos, para o Brasileir\u00e3o","link":"https:\/\/www.futebolinterior.com.br\/avai-repatria-william-batore-ex-ponte-preta-e-santos-para-o-brasileirao\/","chapeu":"ARTILHEIRO NA \u00c1REA!","data":"10\/06\/2015","imagem":"https:\/\/images.futebolinterior.com.br\/2021\/04\/0002050086623_img-300x225.jpg","resumo":"O atacante William Bator\u00e9, que estava no Cear\u00e1, acertou seu retorno para o Ava\u00ed, clube onde atuou entre 2008 e 2009 e em 2011, para a sequ\u00eancia do Campeonato Brasileiro."},"641803":{"titulo":"Corintiano preso em Oruro \u00e9 detido com 10kg de maconha no Rio","link":"https:\/\/www.futebolinterior.com.br\/corintiano-preso-em-oruro-e-detido-com-10kg-de-maconha-no-rio\/","chapeu":"XI RAPAZ...","data":"10\/06\/2015","imagem":"https:\/\/images.futebolinterior.com.br\/2021\/04\/0002050086620_img-300x281.jpg","resumo":"Cleuter Barreto Barros, torcedor do Corinthians que esteve preso na Bol\u00edvia acusado pela morte do jovem Kevin Espada em 2013 e foi solto por falta de provas, foi detido na noite"}}