{"641680":{"titulo":"Atl\u00e9tico-MG 2 x 2 Santos - Marcelo Fernandes em princ\u00edpio, segue, mas respirando por aparelhos...","link":"https:\/\/www.futebolinterior.com.br\/atletico-mg-2-x-2-santos-marcelo-fernandes-em-principio-segue-mas-respirando-por-aparelhos\/","chapeu":"EMPATA SEGURA?","data":"10\/06\/2015","imagem":0,"resumo":"O t\u00e9cnico Marcelo Fernandes continuar\u00e1 respirando por aparelhos no comando do Santos. "},"641696":{"titulo":"Sem Wagner, Enderson testa alternativas no Fluminense para pegar o Palmeiras","link":"https:\/\/www.futebolinterior.com.br\/sem-wagner-enderson-testa-alternativas-no-fluminense-para-pegar-o-palmeiras\/","chapeu":"TESTES","data":"10\/06\/2015","imagem":"https:\/\/images.futebolinterior.com.br\/2021\/04\/0002050086693_img-300x200.jpg","resumo":" O t\u00e9cnico Enderson Moreira come\u00e7ou a testar alternativas para montar o time do Fluminense que enfrentar\u00e1 o Palmeiras, domingo, em S\u00e3o Paulo"},"641705":{"titulo":"Sem 'camisa 10', Luxemburgo testa Marquinhos como armador no Cruzeiro","link":"https:\/\/www.futebolinterior.com.br\/sem-camisa-10-luxemburgo-testa-marquinhos-como-armador-no-cruzeiro\/","chapeu":"PROFESSOR PARDAL","data":"10\/06\/2015","imagem":"https:\/\/images.futebolinterior.com.br\/2021\/04\/0002050086691_img-300x207.jpg","resumo":"O t\u00e9cnico Vanderlei Luxemburgo tem problemas para escalar a equipe do Cruzeiro que vai enfrentar o Vasco"},"641692":{"titulo":"Ap\u00f3s anunciar t\u00e9cnico, Palmeiras tenta a contrata\u00e7\u00e3o do zagueiro Manoel, do Cruzeiro","link":"https:\/\/www.futebolinterior.com.br\/apos-anunciar-tecnico-palmeiras-tenta-a-contratacao-do-zagueiro-manoel-do-cruzeiro\/","chapeu":"XERIF\u00c3O","data":"10\/06\/2015","imagem":"https:\/\/images.futebolinterior.com.br\/2021\/04\/0002050086690_img-300x200.jpg","resumo":"O defensor virou titular neste ano sob a batuta do t\u00e9cnico Marcelo Oliveira"},"641707":{"titulo":"Crist\u00f3v\u00e3o monta Flamengo com Eduardo da Silva titular e Cirino no banco","link":"https:\/\/www.futebolinterior.com.br\/cristovao-monta-flamengo-com-eduardo-da-silva-titular-e-cirino-no-banco\/","chapeu":"MUDAN\u00c7A","data":"10\/06\/2015","imagem":"https:\/\/images.futebolinterior.com.br\/2021\/04\/0002050086687_img-300x200.jpg","resumo":"A vit\u00f3ria sem empolgar diante da Chapecoense e a 17.\u00aa coloca\u00e7\u00e3o no Campeonato Brasileiro dever\u00e3o fazer o t\u00e9cnico Crist\u00f3v\u00e3o Borges mudar o Flamengo "},"641709":{"titulo":"\u00cddolo do Corinthians, Dentinho comparece ao treino e revela desejo de voltar ao clube","link":"https:\/\/www.futebolinterior.com.br\/idolo-do-corinthians-dentinho-comparece-ao-treino-e-revela-desejo-de-voltar-ao-clube\/","chapeu":"SER\u00c1 QUE D\u00c1?","data":"10\/06\/2015","imagem":"https:\/\/images.futebolinterior.com.br\/2021\/04\/0002050086686_img-300x168.jpg","resumo":"De f\u00e9rias no Brasil, o atacante Dentinho, do Shakhtar Donetsk, da Ucr\u00e2nia, esteve nesta quarta-feira no CT do Parque Ecol\u00f3gico para acompanhar o treino do Corinthians "},"641715":{"titulo":"Longe de ser exemplo de compet\u00eancia, Zico quer mudar regra para se candidatar a presidente da Fifa","link":"https:\/\/www.futebolinterior.com.br\/longe-de-ser-exemplo-de-competencia-zico-quer-mudar-regra-para-se-candidatar-a-presidente-da-fifa\/","chapeu":"FANFARR\u00c3O","data":"10\/06\/2015","imagem":"https:\/\/images.futebolinterior.com.br\/2021\/04\/0002050086683_img-300x166.jpg","resumo":"O ex-jogador de futebol Zico admitiu se candidatar para a presid\u00eancia da Fifa, mas somente se houver mudan\u00e7as nas regras eleitorais vigente"},"641711":{"titulo":"Palmeiras aguarda rescis\u00e3o com Flamengo para anunciar Alecsandro","link":"https:\/\/www.futebolinterior.com.br\/palmeiras-aguarda-rescisao-com-flamengo-para-anunciar-alecsandro\/","chapeu":"FALTA POUCO!","data":"10\/06\/2015","imagem":"https:\/\/images.futebolinterior.com.br\/2021\/04\/0002050086682_img-300x157.jpg","resumo":"O jogador deve ser anunciado oficialmente no Verd\u00e3o nesta quinta-feira"},"641724":{"titulo":"D\u00f3ria espera que poss\u00edvel venda de Rodrigo Caio ajude a pagar sal\u00e1rios do S\u00e3o Paulo","link":"https:\/\/www.futebolinterior.com.br\/doria-espera-que-possivel-venda-de-rodrigo-caio-ajude-a-pagar-salarios-do-sao-paulo\/","chapeu":"ALFINETOU?","data":"10\/06\/2015","imagem":"https:\/\/images.futebolinterior.com.br\/2021\/04\/0002050086678_img-300x169.jpg","resumo":"O Atl\u00e9tico de Madrid deve oferecer um valor maior de R$ 15 milh\u00f5es para tirar o defensor do Tricolor"},"641748":{"titulo":"Corinthians anuncia que ir\u00e1 homenagear Emerson neste s\u00e1bado na Arena, contra o Internacional","link":"https:\/\/www.futebolinterior.com.br\/corinthians-anuncia-que-ira-homenagear-emerson-neste-sabado-na-arena-contra-o-internacional\/","chapeu":"ELE MERECE","data":"10\/06\/2015","imagem":"https:\/\/images.futebolinterior.com.br\/2021\/04\/0002050086676_img-300x220.jpg","resumo":"O Corinthians anunciou nesta quarta-feira que Emerson Sheik ser\u00e1 homenageado s\u00e1bado, no Itaquer\u00e3o, antes da partida contra o Internacional"}}