{"641840":{"titulo":"Leandro Dami\u00e3o espera encerrar jejum de gols pelo Cruzeiro no Brasileir\u00e3o","link":"https:\/\/www.futebolinterior.com.br\/leandro-damiao-espera-encerrar-jejum-de-gols-pelo-cruzeiro-no-brasileirao\/","chapeu":"T\u00c1 FALTANDO GOL!","data":"10\/06\/2015","imagem":"https:\/\/images.futebolinterior.com.br\/2021\/04\/0002050086616_img-300x225.jpg","resumo":"Artilheiro do Campeonato Mineiro com nove gols, o atacante Leandro Dami\u00e3o ainda n\u00e3o conseguiu repetir o mesmo rendimento no Campeonato Brasileiro. Ap\u00f3s seis rodadas da competi\u00e7\u00e3o"},"641809":{"titulo":"Sport acerta contrata\u00e7\u00e3o de Marlone, do Fluminense, para o Brasileir\u00e3o","link":"https:\/\/www.futebolinterior.com.br\/sport-acerta-contratacao-de-marlone-do-fluminense-para-o-brasileirao\/","chapeu":"MERCADO!","data":"10\/06\/2015","imagem":"https:\/\/images.futebolinterior.com.br\/2021\/04\/0002050086610_img-300x172.jpg","resumo":"O Sport est\u00e1 com novo refor\u00e7o para o Campeonato Brasileiro. Na tarde desta quarta-feira, o meia Marlone, de 23 anos, foi liberado pelo Fluminense."},"641824":{"titulo":"S\u00e3o Paulo negocia Rodrigo Caio com Atl\u00e9tico de Madrid por R$ 52 milh\u00f5es","link":"https:\/\/www.futebolinterior.com.br\/sao-paulo-negocia-rodrigo-caio-com-atletico-de-madrid-por-r-52-milhoes\/","chapeu":"ADI\u00d3S, MUCHACHO!","data":"10\/06\/2015","imagem":"https:\/\/images.futebolinterior.com.br\/2021\/04\/0002050086605_img-300x200.jpg","resumo":"S\u00e3o Paulo acertou a venda de uma de suas maiores promessas. O Tricolor j\u00e1 fechou acordo para mandar o volante Rodrigo Caio, de 21 anos, ao Atl\u00e9tico de Madrid."},"641847":{"titulo":"Palmeiras contrata Marcelo Oliveira, t\u00e9cnico bicampe\u00e3o brasileiro pelo Cruzeiro","link":"https:\/\/www.futebolinterior.com.br\/palmeiras-contrata-marcelo-oliveira-tecnico-bicampeao-brasileiro-pelo-cruzeiro\/","chapeu":"SAI OSWALDO...","data":"10\/06\/2015","imagem":"https:\/\/images.futebolinterior.com.br\/2021\/04\/0002050086586_img-300x189.jpg","resumo":"Um dia depois de anunciar a demiss\u00e3o de Oswaldo de Oliveira, o Palmeiras confirmou a contrata\u00e7\u00e3o do t\u00e9cnico Marcelo Oliveira, bicampe\u00e3o brasileiro com o Cruzeiro nos anos de 2013 e"},"641845":{"titulo":"Com 12 rodadas a menos, Ponte Preta pode igualar campanha do turno do Brasileir\u00e3o de 2013","link":"https:\/\/www.futebolinterior.com.br\/com-12-rodadas-a-menos-ponte-preta-pode-igualar-campanha-do-turno-do-brasileirao-de-2013\/","chapeu":"ESPECIAL!","data":"10\/06\/2015","imagem":"https:\/\/images.futebolinterior.com.br\/2021\/04\/0002050086585_img-300x225.jpg","resumo":"A Ponte Preta pode igualar a campanha do primeiro turno do Campeonato Brasileiro de 2013 no duelo contra o Goi\u00e1s."},"641863":{"titulo":"'Pode vir o Guardiola. Tem que mudar a postura', diz lateral do Palmeiras","link":"https:\/\/www.futebolinterior.com.br\/pode-vir-o-guardiola-tem-que-mudar-a-postura-diz-lateral-do-palmeiras\/","chapeu":"DEU O RECADO","data":"10\/06\/2015","imagem":"https:\/\/images.futebolinterior.com.br\/2021\/04\/0002050086579_img-242x300.jpg","resumo":"Lucas disse que os jogadores se sentem culpados pela queda do treinador"},"641870":{"titulo":"Abre o olho, Peixe! Fenerbahce deve fazer proposta para contratar Robinho","link":"https:\/\/www.futebolinterior.com.br\/abre-o-olho-peixe-fenerbahce-deve-fazer-proposta-para-contratar-robinho\/","chapeu":"XIII","data":"10\/06\/2015","imagem":"https:\/\/images.futebolinterior.com.br\/2021\/04\/0002050086569_img-300x178.jpg","resumo":"Robinho tem 31 anos e indicou a pessoas pr\u00f3ximas da fam\u00edlia que gostaria de jogar por mais um ano no Brasil"},"641879":{"titulo":"Canetas de Osorio devem garantir novo patrocinador ao S\u00e3o Paulo","link":"https:\/\/www.futebolinterior.com.br\/canetas-de-osorio-devem-garantir-novo-patrocinador-ao-sao-paulo\/","chapeu":"BOA PROFESSOR!","data":"10\/06\/2015","imagem":"https:\/\/images.futebolinterior.com.br\/2021\/04\/0002050086565_img-300x169.jpg","resumo":"Uso de canetas e bilhetes do t\u00e9cnico Juan Carlos Osorio podem render dinheiro ao S\u00e3o Paulo. O Tricolor negocia contrato de patroc\u00ednio com a Bic."},"641886":{"titulo":"Com Doriva na berlinda, Vasco monitora Petkovic e Celso Roth","link":"https:\/\/www.futebolinterior.com.br\/com-doriva-na-berlinda-vasco-monitora-petkovic-e-celso-roth\/","chapeu":"ESTRANGEIRO?","data":"10\/06\/2015","imagem":"https:\/\/images.futebolinterior.com.br\/2021\/04\/0002050086557_img-300x208.jpg","resumo":"Doriva j\u00e1 come\u00e7a a ser questionado no Vasco. Apesar de o presidente Eurico Miranda negar a sa\u00edda do treinador, o clube j\u00e1 monitora Petkovic e Celso Roth como poss\u00edveis sucessores. "},"641902":{"titulo":"Gr\u00eamio estuda contrata\u00e7\u00e3o de Carlos Mu\u00f1oz, chileno do Al Ahli","link":"https:\/\/www.futebolinterior.com.br\/gremio-estuda-contratacao-de-carlos-munoz-chileno-do-al-ahli\/","chapeu":"OP\u00c7\u00c3O","data":"10\/06\/2015","imagem":"https:\/\/images.futebolinterior.com.br\/2021\/04\/0002050086551_img-246x300.jpg","resumo":"Carlos Mu\u00f1oz, companheiro de clube do ex-cruzeirense Everton Ribeiro, tem 26 anos e foi revelado pelo Santiago Wanderers, do Chile"}}