{"606943":{"titulo":"Leco promete empenho para manter elei\u00e7\u00e3o do S\u00e3o Paulo nesta ter\u00e7a","link":"https:\/\/www.futebolinterior.com.br\/leco-promete-empenho-para-manter-eleicao-do-sao-paulo-nesta-terca\/","chapeu":"VAI ROLAR?","data":"26\/10\/2015","imagem":"https:\/\/images.futebolinterior.com.br\/2021\/04\/0002050123929_img-300x225.jpg","resumo":"Uma a\u00e7\u00e3o justifica que Leco atuou em causa pr\u00f3pria ao marcar a elei\u00e7\u00e3o com pouco tempo para a oposi\u00e7\u00e3o se organizar"},"606931":{"titulo":"S\u00e9rie B: Morre Hen\u00e1gio, \u00eddolo do Santa Cruz e substituto de Zico no Flamengo","link":"https:\/\/www.futebolinterior.com.br\/serie-b-morre-henagio-idolo-do-santa-cruz-e-substituto-de-zico-no-flamengo\/","chapeu":"LUTO!","data":"26\/10\/2015","imagem":"https:\/\/images.futebolinterior.com.br\/2021\/04\/0002050123927_img-300x158.jpg","resumo":"O ex-meia tinha apenas 54 anos e foi encontrado falecido em seu apartamento nesta segunda-feira"},"606933":{"titulo":"Pol\u00edcia investiga ataque \u00e0 sede da Drag\u00f5es da Real e pode proibir torcida do Palmeiras de frequentar est\u00e1dios","link":"https:\/\/www.futebolinterior.com.br\/policia-investiga-ataque-a-sede-da-dragoes-da-real-e-pode-proibir-torcida-do-palmeiras-de-frequentar-estadios\/","chapeu":"PUNI\u00c7\u00c3O!","data":"26\/10\/2015","imagem":"https:\/\/images.futebolinterior.com.br\/2021\/04\/0002050123926_img-300x145.jpg","resumo":"Nas redes sociais, a hist\u00f3ria de que a sede da torcida s\u00e3o-paulina foi invadida por palmeiresense ganha for\u00e7a e \u00e9 usado pelos policiais na investiga\u00e7\u00e3o"},"606954":{"titulo":"Liga Sul-Minas-Rio define tabela e datas de seu primeiro torneio","link":"https:\/\/www.futebolinterior.com.br\/liga-sul-minas-rio-define-tabela-e-datas-de-seu-primeiro-torneio\/","chapeu":"DEFINIDO!","data":"26\/10\/2015","imagem":"https:\/\/images.futebolinterior.com.br\/2021\/04\/0002050123907_img-300x189.jpg","resumo":"O principal confronto da primeira rodada \u00e9 o jogo entre Atl\u00e9tico-MG e Flamengo"},"606971":{"titulo":"Confiante, Kardec revela conversa no vesti\u00e1rio para motivar S\u00e3o Paulo","link":"https:\/\/www.futebolinterior.com.br\/confiante-kardec-revela-conversa-no-vestiario-para-motivar-sao-paulo\/","chapeu":"AINDA D\u00c1!","data":"26\/10\/2015","imagem":"https:\/\/images.futebolinterior.com.br\/2021\/04\/0002050123902_img-300x157.jpg","resumo":"O Tricolor Paulista se concentra na partida de volta da semifinal da Copa do Brasil, nesta quarta-feira, contra o Santos"},"606969":{"titulo":"Ap\u00f3s boa sequ\u00eancia, Henrique v\u00ea Cruzeiro na briga pela Libertadores","link":"https:\/\/www.futebolinterior.com.br\/apos-boa-sequencia-henrique-ve-cruzeiro-na-briga-pela-libertadores\/","chapeu":"REVIRAVOLTA","data":"26\/10\/2015","imagem":"https:\/\/images.futebolinterior.com.br\/2021\/04\/0002050123903_img.jpg","resumo":"A boa sequ\u00eancia levou o Cruzeiro a 44 pontos, ainda na 11.\u00aa coloca\u00e7\u00e3o, mas a apenas seis pontos do Santos, que fecha o G4."},"606950":{"titulo":"S\u00e3o Paulo \u00e9 punido no 'Caso Iago', mas escapa de rebaixamento","link":"https:\/\/www.futebolinterior.com.br\/sao-paulo-e-punido-no-caso-iago-mas-escapa-de-rebaixamento\/","chapeu":"SAIU BARATO?","data":"26\/10\/2015","imagem":"https:\/\/images.futebolinterior.com.br\/2021\/04\/0002050123905_img-300x200.jpg","resumo":"A quest\u00e3o, por\u00e9m, ainda dever\u00e1 ter uma decis\u00e3o final do Pleno do STJD, j\u00e1 que tantos os clubes quanto a procuradoria devem recorrer"},"606967":{"titulo":"Com Dad\u00e1 Maravilha e dirigente de maior \u00eaxito do Brasil, Camarote RF aponta campe\u00e3o brasileiro","link":"https:\/\/www.futebolinterior.com.br\/com-dada-maravilha-e-dirigente-de-maior-exito-do-brasil-camarote-rf-aponta-campeao-brasileiro\/","chapeu":"SUCESSO","data":"26\/10\/2015","imagem":"https:\/\/images.futebolinterior.com.br\/2021\/04\/0002050123891_img-300x192.jpg","resumo":"Com exce\u00e7\u00e3o de Dad\u00e1 Maravilha, todos no programa acreditam que dificilmente o Atl\u00e9tico-MG tira o t\u00edtulo do Corinthians"},"606985":{"titulo":"Copa do Brasil: Fred treina normalmente e deve refor\u00e7ar o Fluminense na quarta","link":"https:\/\/www.futebolinterior.com.br\/copa-do-brasil-fred-treina-normalmente-e-deve-reforcar-o-fluminense-na-quarta\/","chapeu":"VAI PRO JOGO","data":"26\/10\/2015","imagem":"https:\/\/images.futebolinterior.com.br\/2021\/04\/0002050123889_img.jpg","resumo":"Fred preocupou a torcida no fim do primeiro tempo do duelo de ida, quando caiu errado em uma disputa pelo alto e sofreu tor\u00e7\u00f5es no p\u00e9 e no joelho esquerdos"},"606975":{"titulo":"Ap\u00f3s empate com o Ava\u00ed, Chapecoense volta as aten\u00e7\u00f5es para a Copa Sul-Americana","link":"https:\/\/www.futebolinterior.com.br\/apos-empate-com-o-avai-chapecoense-volta-as-atencoes-para-a-copa-sul-americana\/","chapeu":"DECIS\u00c3O!","data":"26\/10\/2015","imagem":"https:\/\/images.futebolinterior.com.br\/2021\/04\/0002050123888_img-300x200.jpg","resumo":"O time de Chapec\u00f3 recebe o poderoso River Plate na Arena Cond\u00e1, nesta quarta-feira, \u00e0s 22 horas"}}