{"606983":{"titulo":"Elenco do Internacional se reapresenta sem quatro jogadores","link":"https:\/\/www.futebolinterior.com.br\/elenco-do-internacional-se-reapresenta-sem-quatro-jogadores\/","chapeu":"CAD\u00ca?","data":"26\/10\/2015","imagem":"https:\/\/images.futebolinterior.com.br\/2021\/04\/0002050123886_img-300x169.jpg","resumo":"O t\u00e9cnico Argel Fucks n\u00e3o contou com Alisson, Vald\u00edvia,Vitinho e Lisandro L\u00f3pez."},"606981":{"titulo":"Grupo de oposi\u00e7\u00e3o tenta adiar elei\u00e7\u00e3o do S\u00e3o Paulo marcada para esta ter\u00e7a-feira","link":"https:\/\/www.futebolinterior.com.br\/grupo-de-oposicao-tenta-adiar-eleicao-do-sao-paulo-marcada-para-esta-terca-feira\/","chapeu":"CONTURBADO","data":"26\/10\/2015","imagem":"https:\/\/images.futebolinterior.com.br\/2021\/04\/0002050123884_img-300x225.jpg","resumo":"Carlos Augusto de Barros e Silva, o Leco, aparece como principal candidato \u00e0 presid\u00eancia do clube"},"606987":{"titulo":"Recuperado, meia argentino se destaca pelo Atl\u00e9tico-MG na vit\u00f3ria sobre a Ponte Preta","link":"https:\/\/www.futebolinterior.com.br\/recuperado-meia-argentino-se-destaca-pelo-atletico-mg-na-vitoria-sobre-a-ponte-preta\/","chapeu":"DE VOLTA!","data":"26\/10\/2015","imagem":"https:\/\/images.futebolinterior.com.br\/2021\/04\/0002050123873_img-300x200.jpg","resumo":"O jogador n\u00e3o atuava desde a partida contra o Joinville, no dia 27 de setembro"},"607009":{"titulo":"Em nota, Thalles rebate Jorginho e nega ter faltado a treino no Vasco","link":"https:\/\/www.futebolinterior.com.br\/em-nota-thalles-rebate-jorginho-e-nega-ter-faltado-a-treino-no-vasco\/","chapeu":"'ENGASGADO'....","data":"26\/10\/2015","imagem":"https:\/\/images.futebolinterior.com.br\/2021\/04\/0002050123861_img-300x200.jpg","resumo":"Nesta segunda-feira, foi a vez de Thalles tentar se explicar"},"606999":{"titulo":"Flamengo envia proposta ao Hamburgo por Cleber, ex-Ponte e Tim\u00e3o","link":"https:\/\/www.futebolinterior.com.br\/flamengo-envia-proposta-ao-hamburgo-por-cleber-ex-ponte-e-timao\/","chapeu":"XERIF\u00c3O \u00c0 VISTA!","data":"26\/10\/2015","imagem":"https:\/\/images.futebolinterior.com.br\/2021\/04\/0002050123862_img-300x169.jpg","resumo":"A negocia\u00e7\u00e3o \u00e9 considerada dif\u00edcil, mas o Meng\u00e3o n\u00e3o parece querer desistir t\u00e3o facilmente"},"607011":{"titulo":"Santos recusa volante Paulinho, descontente no Guangzhou da China","link":"https:\/\/www.futebolinterior.com.br\/santos-recusa-volante-paulinho-descontente-no-guangzhou-da-china\/","chapeu":"AQUI N\u00c3O","data":"26\/10\/2015","imagem":"https:\/\/images.futebolinterior.com.br\/2021\/04\/0002050123854_img-300x164.jpg","resumo":"Parece mesmo que o volante Paulinho n\u00e3o est\u00e1 contente no Guangzhou Evergrande, na China"},"607038":{"titulo":"Ap\u00f3s vit\u00f3ria em Curitiba, Doriva prestigia evento na FPF","link":"https:\/\/www.futebolinterior.com.br\/apos-vitoria-em-curitiba-doriva-prestigia-evento-na-fpf\/","chapeu":"ALIVIADO","data":"26\/10\/2015","imagem":"https:\/\/images.futebolinterior.com.br\/2021\/04\/0002050123835_img-300x225.jpg","resumo":"Doriva esteve ao lado do atual presidente Leco no evento que oficializou a nova gest\u00e3o da entidade"},"607059":{"titulo":"R\u00e1dio Regional FM transmite rodada dupla no s\u00e1bado","link":"https:\/\/www.futebolinterior.com.br\/radio-regional-fm-transmite-rodada-dupla-no-sabado\/","chapeu":"Jornada dupla!","data":"26\/10\/2015","imagem":"https:\/\/images.futebolinterior.com.br\/2021\/04\/0002050123817_img-300x300.jpg","resumo":"R\u00e1dio Regional FM transmite rodada dupla no s\u00e1bado"},"607066":{"titulo":"Palmeiras pode ter volta de Cleiton Xavier j\u00e1 para a partida contra o Fluminense","link":"https:\/\/www.futebolinterior.com.br\/palmeiras-pode-ter-volta-de-cleiton-xavier-ja-para-a-partida-contra-o-fluminense\/","chapeu":"VOLTOU R\u00c1PIDO!","data":"26\/10\/2015","imagem":"https:\/\/images.futebolinterior.com.br\/2021\/04\/0002050123808_img-300x193.jpg","resumo":"Com uma evolu\u00e7\u00e3o mais r\u00e1pida do que a esperada, Cleiton Xavier pode voltar em breve \u00e0 equipe do Palmeiras j\u00e1 no pr\u00f3ximo jogo"},"607064":{"titulo":"Edcarlos celebra mais uma chance no Atl\u00e9tico-MG em momento decisivo","link":"https:\/\/www.futebolinterior.com.br\/edcarlos-celebra-mais-uma-chance-no-atletico-mg-em-momento-decisivo\/","chapeu":"CLIMA DE DECIS\u00c3O!","data":"26\/10\/2015","imagem":"https:\/\/images.futebolinterior.com.br\/2021\/04\/0002050123834_img.jpg","resumo":"Edcarlos ter\u00e1 mais uma oportunidade, dessa vez naquele que vem sendo classificado como \"jogo do ano\", o duelo com o Corinthians"}}