{"606856":{"titulo":"Gr\u00eamio faz proposta por Rodinei, lateral-direito da Ponte Preta","link":"https:\/\/www.futebolinterior.com.br\/gremio-faz-proposta-por-rodinei-lateral-direito-da-ponte-preta\/","chapeu":"INVESTIDA","data":"27\/10\/2015","imagem":"https:\/\/images.futebolinterior.com.br\/2021\/04\/0002050124007_img-300x169.jpg","resumo":"Nos \u00faltimos dias os dirigentes ga\u00fachos enviaram proposta de R$ 4,5 milh\u00f5es aos empres\u00e1rios do lateral"},"606873":{"titulo":"'Marquinhos Gabriel quer continuar no Santos', diz presidente","link":"https:\/\/www.futebolinterior.com.br\/marquinhos-gabriel-quer-continuar-no-santos-diz-presidente\/","chapeu":"CONFIANTE!","data":"27\/10\/2015","imagem":"https:\/\/images.futebolinterior.com.br\/2021\/04\/0002050124004_img-300x169.jpg","resumo":"O entrave maior \u00e9 porque o Al-Nassr quer vender o jogador, mas o Santos, sem dinheiro, busca a prorroga\u00e7\u00e3o do empr\u00e9stimo"},"606867":{"titulo":"M\u00e3e de Neymar \u00e9 arrolada em processo sobre venda do craque ao Barcelona","link":"https:\/\/www.futebolinterior.com.br\/mae-de-neymar-e-arrolada-em-processo-sobre-venda-do-craque-ao-barcelona\/","chapeu":"VISH","data":"27\/10\/2015","imagem":"https:\/\/images.futebolinterior.com.br\/2021\/04\/0002050124001_img-300x295.jpg","resumo":"Neymar, Santos e Barcelona ainda n\u00e3o convenceram os promotores da legalidade da negocia\u00e7\u00e3o do jogador brasileiro"},"606875":{"titulo":"Rodriguinho \u00e9 favorito para ficar com a vaga de Elias no Corinthians","link":"https:\/\/www.futebolinterior.com.br\/rodriguinho-e-favorito-para-ficar-com-a-vaga-de-elias-no-corinthians\/","chapeu":"L\u00c1 VEM ELE","data":"27\/10\/2015","imagem":"https:\/\/images.futebolinterior.com.br\/2021\/04\/0002050123999_img-300x150.jpg","resumo":"O Corinthians deve ter apenas uma mudan\u00e7a para a \"decis\u00e3o\" contra o Atl\u00e9tico-MG, domingo, em Belo Horizonte, pela 33\u00aa rodada do Campeonato Brasileiro"},"606889":{"titulo":"Vasco faz acordo e pagar\u00e1 milh\u00f5es a Edmundo, hoje comentarista da Band","link":"https:\/\/www.futebolinterior.com.br\/vasco-faz-acordo-e-pagara-milhoes-a-edmundo-hoje-comentarista-da-band\/","chapeu":"DE DOER O BOLSO","data":"27\/10\/2015","imagem":"https:\/\/images.futebolinterior.com.br\/2021\/04\/0002050123987_img-300x179.jpg","resumo":"Edmundo acionou a Justi\u00e7a ap\u00f3s uma das suas cinco passagens por S\u00e3o Janu\u00e1rio, onde foi revelado"},"606895":{"titulo":"\"Ele disse que estupraria minha mulher\", justifica Z\u00e9 Love sobre confus\u00e3o com torcida","link":"https:\/\/www.futebolinterior.com.br\/ele-disse-que-estupraria-minha-mulher-justifica-ze-love-sobre-confusao-com-torcida\/","chapeu":"TEVE MOTIVOS","data":"27\/10\/2015","imagem":"https:\/\/images.futebolinterior.com.br\/2021\/04\/0002050123983_img-300x169.jpg","resumo":"Em entrevista \u00e0 R\u00e1dio 730, o jogador afirmou que sofreu amea\u00e7as de um torcedor"},"606916":{"titulo":"S\u00e3o Paulo vai recorrer de multa recebida no caso de Iago Maidana","link":"https:\/\/www.futebolinterior.com.br\/sao-paulo-vai-recorrer-de-multa-recebida-no-caso-de-iago-maidana\/","chapeu":"FOI POUCO?!","data":"27\/10\/2015","imagem":"https:\/\/images.futebolinterior.com.br\/2021\/04\/0002050123971_img-300x193.jpg","resumo":"A san\u00e7\u00e3o de R$ 100 mil \u00e0 equipe, e de R$ 10 mil ao defensor, n\u00e3o agradou ao clube, que j\u00e1 anunciou que ir\u00e1 recorrer. "},"606920":{"titulo":"Em meio a uma crise pol\u00edtica, S\u00e3o Paulo elege novo presidente nesta ter\u00e7a-feira","link":"https:\/\/www.futebolinterior.com.br\/em-meio-a-uma-crise-politica-sao-paulo-elege-novo-presidente-nesta-terca-feira\/","chapeu":"T\u00c1 CHEGANDO A HORA!","data":"27\/10\/2015","imagem":"https:\/\/images.futebolinterior.com.br\/2021\/04\/0002050123970_img-300x208.jpg","resumo":"O ganhador poder\u00e1 concorrer a mais duas reelei\u00e7\u00f5es e ter\u00e1 de lidar com problemas financeiros, como a d\u00edvida total de quase R$ 300 milh\u00f5es"},"606925":{"titulo":"O futebol ficou mais feio! Dod\u00f4, o artilheiro dos gols bonitos, anuncia aposentadoria para virar treinador","link":"https:\/\/www.futebolinterior.com.br\/o-futebol-ficou-mais-feio-dodo-o-artilheiro-dos-gols-bonitos-anuncia-aposentadoria-para-virar-treinador\/","chapeu":"S\u00d3 VALE GOLA\u00c7O!","data":"26\/10\/2015","imagem":"https:\/\/images.futebolinterior.com.br\/2021\/04\/0002050123933_img-300x217.jpg","resumo":"O atacante n\u00e3o atuava desde 2013, mas ainda aguardava propostas para voltar a jogar"},"606929":{"titulo":"Ponte Preta esquece derrota e quer manter filosofia \"jogo a jogo\" contra o Joinville no Brasileiro","link":"https:\/\/www.futebolinterior.com.br\/ponte-preta-esquece-derrota-e-quer-manter-filosofia-jogo-a-jogo-contra-o-joinville-no-brasileiro\/","chapeu":"JOGO A JOGO","data":"26\/10\/2015","imagem":"https:\/\/images.futebolinterior.com.br\/2021\/04\/0002050123931_img-300x199.jpg","resumo":"A quebra da s\u00e9rie invicta de sete jogos n\u00e3o pode atrapalhar a sequ\u00eancia da campanha da Macaca no Brasileiro"}}