{"606145":{"titulo":"Atl\u00e9tico-MG faz treino com os juniores e Giovanni Augusto d\u00e1 susto","link":"https:\/\/www.futebolinterior.com.br\/atletico-mg-faz-treino-com-os-juniores-e-giovanni-augusto-da-susto\/","chapeu":"SUSTO!","data":"29\/10\/2015","imagem":"https:\/\/images.futebolinterior.com.br\/2021\/04\/0002050124561_img-300x200.jpg","resumo":"\u00c0s v\u00e9speras do jogo mais importante deste Campeonato Brasileiro, o Atl\u00e9tico-MG realizou um treino coletivo diante dos time de juniores nesta quinta-feira e venceu por 2 a 0"},"606170":{"titulo":"Cleiton Xavier treina bem e deve voltar ao Palmeiras contra o Santos","link":"https:\/\/www.futebolinterior.com.br\/cleiton-xavier-treina-bem-e-deve-voltar-ao-palmeiras-contra-o-santos\/","chapeu":"VAI PRO CL\u00c1SSICO?","data":"29\/10\/2015","imagem":"https:\/\/images.futebolinterior.com.br\/2021\/04\/0002050124553_img-231x300.jpg","resumo":"Ap\u00f3s quase dois meses, Cleiton Xavier parece recuperado e tem grandes chances de atuar diante do Santos"},"606177":{"titulo":"Argel arma o Inter com Lisandro L\u00f3pez em treino; D'Alessandro fica no banco","link":"https:\/\/www.futebolinterior.com.br\/argel-arma-o-inter-com-lisandro-lopez-em-treino-dalessandro-fica-no-banco\/","chapeu":"MUDAN\u00c7AS!","data":"29\/10\/2015","imagem":"https:\/\/images.futebolinterior.com.br\/2021\/04\/0002050124551_img-300x225.jpg","resumo":"O t\u00e9cnico Argel Fucks comandou nesta quinta-feira o primeiro coletivo do Internacional visando o confronto diante do Goi\u00e1s, domingo, no Serra Dourada"},"606165":{"titulo":"Depois de bater na trave na Sul-Americana, Chapecoense volta aten\u00e7\u00f5es para o Brasileir\u00e3o","link":"https:\/\/www.futebolinterior.com.br\/depois-de-bater-na-trave-na-sul-americana-chapecoense-volta-atencoes-para-o-brasileirao\/","chapeu":"QUASE","data":"29\/10\/2015","imagem":"https:\/\/images.futebolinterior.com.br\/2021\/04\/0002050124547_img-300x200.jpg","resumo":"O time de Chapec\u00f3 enfrentou o poderoso River Plate e venceu por 2 a 1, mas o resultado n\u00e3o foi suficiente para a classifica\u00e7\u00e3o"},"606173":{"titulo":"Pol\u00edcia de Toronto emite mandado de pris\u00e3o para jogadores da Sele\u00e7\u00e3o por abuso sexual","link":"https:\/\/www.futebolinterior.com.br\/policia-de-toronto-emite-mandado-de-prisao-para-jogadores-da-selecao-por-abuso-sexual\/","chapeu":"PROCURADOS!","data":"29\/10\/2015","imagem":"https:\/\/images.futebolinterior.com.br\/2021\/04\/0002050124540_img-300x178.jpg","resumo":"Os dois atletas teriam abusado de uma garota de 21 anos ap\u00f3s a conhecerem em uma boate"},"606200":{"titulo":"Fluminense treina em S\u00e3o Paulo e Osvaldo diz: 'N\u00e3o h\u00e1 tempo para lamentar'","link":"https:\/\/www.futebolinterior.com.br\/fluminense-treina-em-sao-paulo-e-osvaldo-diz-nao-ha-tempo-para-lamentar\/","chapeu":"SEM PERDER TEMPO!","data":"29\/10\/2015","imagem":"https:\/\/images.futebolinterior.com.br\/2021\/04\/0002050124795_img-300x175.jpg","resumo":"Menos de 24 horas depois da dura elimina\u00e7\u00e3o nos p\u00eanaltis para o Palmeiras, nas semifinais da Copa do Brasil, o elenco do Fluminense j\u00e1 voltou ao trabalho nesta quinta-feira"},"606198":{"titulo":"Arena Verde ainda n\u00e3o \u00e9 uma nova serra Pelada","link":"https:\/\/www.futebolinterior.com.br\/arena-verde-ainda-nao-e-uma-nova-serra-pelada\/","chapeu":"DALMO PESSOA","data":"29\/10\/2015","imagem":"https:\/\/images.futebolinterior.com.br\/2021\/04\/0002050124527_img-300x169.jpg","resumo":"hoje \u00e9 preciso encarar a realidade e encontrar uma formula organizacional e financeira para que a Arena seja rent\u00e1vel e coloque as receitas do Palmeiras em grande n\u00edvel"},"606235":{"titulo":"Recuperado, Vinicius Ara\u00fajo \u00e9 liberado para treinos f\u00edsicos no Cruzeiro","link":"https:\/\/www.futebolinterior.com.br\/recuperado-vinicius-araujo-e-liberado-para-treinos-fisicos-no-cruzeiro\/","chapeu":"ELE VOLTOU!","data":"29\/10\/2015","imagem":"https:\/\/images.futebolinterior.com.br\/2021\/04\/0002050124510_img-300x200.jpg","resumo":"O t\u00e9cnico Mano Menezes logo deve ganhar mais um refor\u00e7o para o setor ofensivo do Cruzeiro na reta final do Campeonato Brasileiro"},"606219":{"titulo":"Paraguaio Oscar Cardozo \u00e9 oferecido ao Corinthians, que analisa a contrata\u00e7\u00e3o","link":"https:\/\/www.futebolinterior.com.br\/paraguaio-oscar-cardozo-e-oferecido-ao-corinthians-que-analisa-a-contratacao\/","chapeu":"BOM NOME?","data":"29\/10\/2015","imagem":"https:\/\/images.futebolinterior.com.br\/2021\/04\/0002050124509_img-300x169.jpg","resumo":"Apesar de comandar o melhor ataque do Brasileir\u00e3o, Tite n\u00e3o est\u00e1 satisfeito com Malcom e Vagner Love e pediu um centroavante com caracter\u00edsticas semelhantes \u00e0s de Guerrero"},"606223":{"titulo":"S\u00e3o Paulo sonha com Weverton, do Atl\u00e9tico-PR, como substituto de Ceni","link":"https:\/\/www.futebolinterior.com.br\/sao-paulo-sonha-com-weverton-do-atletico-pr-como-substituto-de-ceni\/","chapeu":"APROVADO?","data":"29\/10\/2015","imagem":"https:\/\/images.futebolinterior.com.br\/2021\/04\/0002050124507_img-300x208.jpg","resumo":"Com os dias contados no S\u00e3o Paulo e com a aposentadoria j\u00e1 anunciada, o goleiro Rog\u00e9rio Ceni pode j\u00e1 ter um substituto para a pr\u00f3xima temporada"}}