{"606068":{"titulo":"De f\u00e9rias na Espanha, Muricy Ramalho \u00e9 sondado pelo Flamengo para 2016","link":"https:\/\/www.futebolinterior.com.br\/de-ferias-na-espanha-muricy-ramalho-e-sondado-pelo-flamengo-para-2016\/","chapeu":"VOLTANDO?","data":"30\/10\/2015","imagem":"https:\/\/images.futebolinterior.com.br\/2021\/04\/0002050124610_img-300x157.jpg","resumo":"O t\u00e9cnico Muricy Ramalho pode ter suas \u2018f\u00e9rias\u2019 com dias contados"},"606097":{"titulo":"S\u00e3o Paulo analisa a possibilidade de contratar o \u00eddolo Lugano","link":"https:\/\/www.futebolinterior.com.br\/sao-paulo-analisa-a-possibilidade-de-contratar-o-idolo-lugano\/","chapeu":"VAI VOLTAR?","data":"30\/10\/2015","imagem":"https:\/\/images.futebolinterior.com.br\/2021\/04\/0002050124598_img-300x205.jpg","resumo":"O zagueiro uruguaio Diego Lugano, do Cerro Porte\u00f1o, tem sido analisado pelo clube e pode ser uma das buscas para refor\u00e7ar o elenco na pr\u00f3xima temporada"},"606148":{"titulo":"Leco, N\u00e3o imite a Dilma no S\u00e3o Paulo. Se n\u00e3o, impeachment !","link":"https:\/\/www.futebolinterior.com.br\/leco-nao-imite-a-dilma-no-sao-paulo-se-nao-impeachment\/","chapeu":"OPINI\u00c3O","data":"30\/10\/2015","imagem":"https:\/\/images.futebolinterior.com.br\/2021\/04\/0002050124560_img-300x203.jpg","resumo":"Expurgados os excessos, gostar\u00edamos de colocar algumas quest\u00f5es. Apresentar um programa de governo \u00e9 importante, mas nem sempre o que se promete \u00e9 cumprido."},"606113":{"titulo":"Rog\u00e9rio Ceni corre o risco de se aposentar antes do \"previsto\"","link":"https:\/\/www.futebolinterior.com.br\/rogerio-ceni-corre-o-risco-de-se-aposentar-antes-do-previsto\/","chapeu":"J\u00c1 ERA HORA?","data":"30\/10\/2015","imagem":"https:\/\/images.futebolinterior.com.br\/2021\/04\/0002050124589_img-300x169.jpg","resumo":"O jogador do S\u00e3o Paulo vai tentar se recuperar de uma ruptura do ligamento t\u00edbio-fibular do p\u00e9 direito para voltar a atuar a tempo de se despedir do futebol"},"606121":{"titulo":"Meta de Tite para o Corinthians no domingo \u00e9 'liquidar' o campeonato em BH","link":"https:\/\/www.futebolinterior.com.br\/meta-de-tite-para-o-corinthians-no-domingo-e-liquidar-o-campeonato-em-bh\/","chapeu":"SER\u00c1?","data":"30\/10\/2015","imagem":"https:\/\/images.futebolinterior.com.br\/2021\/04\/0002050124586_img-300x169.jpg","resumo":"Ap\u00f3s a partida contra o Atl\u00e9tico Mineiro, ainda restar\u00e3o cinco rodadas para o fim do campeonato"},"606109":{"titulo":"Barcelona deixa Pato \"de lado\" e coloca Kuyt, craque holand\u00eas, como plano A","link":"https:\/\/www.futebolinterior.com.br\/barcelona-deixa-pato-de-lado-e-coloca-kuyt-craque-holandes-como-plano-a\/","chapeu":"DESCARTADO?","data":"30\/10\/2015","imagem":"https:\/\/images.futebolinterior.com.br\/2021\/04\/0002050124583_img-259x300.png","resumo":"O atacante pertence ao Corinthians, mas est\u00e1 emprestado ao S\u00e3o Paulo, onde deve ficar at\u00e9 o final do ano"},"606111":{"titulo":"Destaque do Gr\u00eamio, Walace pode parar na Fiorentina em 2016","link":"https:\/\/www.futebolinterior.com.br\/destaque-do-gremio-walace-pode-parar-na-fiorentina-em-2016\/","chapeu":"DE SA\u00cdDA?","data":"30\/10\/2015","imagem":"https:\/\/images.futebolinterior.com.br\/2021\/04\/0002050124582_img-300x169.jpg","resumo":"O jogador \u00e9 pe\u00e7a chave no esquema t\u00e1tico de Roger Machado no Tricolor"},"606115":{"titulo":"Santos, Inter e Flamengo brigam para repatriar Nilmar","link":"https:\/\/www.futebolinterior.com.br\/santos-inter-e-flamengo-brigam-para-repatriar-nilmar\/","chapeu":"VOLTANDO?","data":"30\/10\/2015","imagem":"https:\/\/images.futebolinterior.com.br\/2021\/04\/0002050124581_img-300x200.jpg","resumo":"O Colorado tem a prefer\u00eancia do jogador, que est\u00e1 perto de rescindir com o Al Nasr"},"606119":{"titulo":"Santos entra na briga com Flamengo para contratar Cleber, ex-zagueiro de Ponte; Atleticano tamb\u00e9m interessa","link":"https:\/\/www.futebolinterior.com.br\/santos-entra-na-briga-com-flamengo-para-contratar-cleber-ex-zagueiro-de-ponte-atleticano-tambem-interessa\/","chapeu":"DE OLHO NO MERCADO!","data":"30\/10\/2015","imagem":"https:\/\/images.futebolinterior.com.br\/2021\/04\/0002050124580_img-300x169.jpg","resumo":"O ex-corintiano \u00e9 como um sonho distante, enquanto Kadu, do Furac\u00e3o, \u00e9 uma op\u00e7\u00e3o mais barata"},"606138":{"titulo":"Irm\u00e3o de fisioterapeuta do Corinthians \u00e9 procurado por assassinato no Rio de Janeiro","link":"https:\/\/www.futebolinterior.com.br\/irmao-de-fisioterapeuta-do-corinthians-e-procurado-por-assassinato-no-rio-de-janeiro\/","chapeu":"FORAGIDO!","data":"29\/10\/2015","imagem":"https:\/\/images.futebolinterior.com.br\/2021\/04\/0002050124564_img-300x225.jpg","resumo":"Rafael Mazziotti, mais conhecido como Mazola, \u00e9 procurado pelo assassinato de um homem em abril de 2014"}}