{"606225":{"titulo":"Artilheiro do Corinthians, Jadson completar\u00e1 marca hist\u00f3rica contra Atl\u00e9tico-MG","link":"https:\/\/www.futebolinterior.com.br\/artilheiro-do-corinthians-jadson-completara-marca-historica-contra-atletico-mg\/","chapeu":"JOGO ESPECIAL!","data":"29\/10\/2015","imagem":"https:\/\/images.futebolinterior.com.br\/2021\/04\/0002050124505_img-300x200.jpg","resumo":"O confronto com clima de decis\u00e3o do pr\u00f3ximo domingo entre Atl\u00e9tico-MG e Corinthians ter\u00e1 um sabor especial para o meia Jadson, que far\u00e1 o seu cent\u00e9simo jogo pelo clube paulista"},"606270":{"titulo":"STJD absolve Rog\u00e9rio Ceni por acusa\u00e7\u00e3o de ofensa \u00e0 arbitragem","link":"https:\/\/www.futebolinterior.com.br\/stjd-absolve-rogerio-ceni-por-acusacao-de-ofensa-a-arbitragem\/","chapeu":"T\u00c1 SALVO!","data":"29\/10\/2015","imagem":"https:\/\/images.futebolinterior.com.br\/2021\/04\/0002050124488_img-300x193.jpg","resumo":"O goleiro do S\u00e3o Paulo, Rog\u00e9rio Ceni, foi absolvido por unanimidade pelo Superior Tribunal de Justi\u00e7a Desportiva "},"606242":{"titulo":"Dudu mostra confian\u00e7a em vit\u00f3ria do Figueirense no Couto Pereira","link":"https:\/\/www.futebolinterior.com.br\/dudu-mostra-confianca-em-vitoria-do-figueirense-no-couto-pereira\/","chapeu":"\u00c9 POSS\u00cdVEL","data":"29\/10\/2015","imagem":"https:\/\/images.futebolinterior.com.br\/2021\/04\/0002050124484_img-300x169.jpg","resumo":"Dudu disse que os trabalhos da semana est\u00e3o sendo satisfat\u00f3rios e que o grupo sabe da import\u00e2ncia de um bom resultado fora de casa"},"606279":{"titulo":"Mano festeja seguran\u00e7a defensiva do Cruzeiro, mas freia euforia com luta por G4","link":"https:\/\/www.futebolinterior.com.br\/mano-festeja-seguranca-defensiva-do-cruzeiro-mas-freia-euforia-com-luta-por-g4\/","chapeu":"MURO CELESTE!","data":"29\/10\/2015","imagem":"https:\/\/images.futebolinterior.com.br\/2021\/04\/0002050124477_img-300x190.jpg","resumo":" A s\u00e9rie de oito jogos sem derrotas do Cruzeiro no Campeonato Brasileiro est\u00e1 diretamente relacionada com a \u00f3tima fase do sistema defensivo"},"606297":{"titulo":"Roger faz testes e n\u00e3o deve contar com Luan no Gr\u00eamio contra o Flamengo","link":"https:\/\/www.futebolinterior.com.br\/roger-faz-testes-e-nao-deve-contar-com-luan-no-gremio-contra-o-flamengo\/","chapeu":"DESFALCADO!","data":"29\/10\/2015","imagem":"https:\/\/images.futebolinterior.com.br\/2021\/04\/0002050124473_img-300x134.jpg","resumo":"Em prepara\u00e7\u00e3o para o duelo do pr\u00f3ximo domingo com o Flamengo, o Gr\u00eamio treinou na manh\u00e3 desta quinta-feira no CT Luiz Carvalho mais uma vez sem o atacante Luan"},"606301":{"titulo":"Werley leva suspens\u00e3o de 3 jogos por empurrar 4\u00ba \u00e1rbitro e David Braz \u00e9 absolvido","link":"https:\/\/www.futebolinterior.com.br\/werley-leva-suspensao-de-3-jogos-por-empurrar-4o-arbitro-e-david-braz-e-absolvido\/","chapeu":"JUSTI\u00c7A FOI FEITA?","data":"29\/10\/2015","imagem":"https:\/\/images.futebolinterior.com.br\/2021\/04\/0002050124472_img-300x195.jpg","resumo":"O zagueiro Werley, do Santos, foi suspenso por tr\u00eas jogos pela 5.\u00aa Comiss\u00e3o Disciplinar do Superior Tribunal de Justi\u00e7a Desportiva"},"606276":{"titulo":"Fluminense confirma Biro Biro, destaque da Ponte, para 2016","link":"https:\/\/www.futebolinterior.com.br\/fluminense-confirma-biro-biro-destaque-da-ponte-para-2016\/","chapeu":"ACERTADO","data":"29\/10\/2015","imagem":"https:\/\/images.futebolinterior.com.br\/2021\/04\/0002050124466_img-300x200.jpg","resumo":"Nos \u00faltimos meses o atacante tamb\u00e9m foi sondado por clubes do exterior, e tamb\u00e9m teve seu nome especulado no Corinthians"},"606292":{"titulo":"Ap\u00f3s afastamentos, Oswaldo testa mudan\u00e7as no time do Flamengo","link":"https:\/\/www.futebolinterior.com.br\/apos-afastamentos-oswaldo-testa-mudancas-no-time-do-flamengo\/","chapeu":"DIA P\u00d3S-FARRA","data":"29\/10\/2015","imagem":"https:\/\/images.futebolinterior.com.br\/2021\/04\/0002050124459_img-300x208.jpg","resumo":"Oswaldo testou Ayrton lugar do lateral-direito Par\u00e1. No meio-campo, ele colocou os volantes Jaj\u00e1 e Luiz Antonio para refor\u00e7ar o setor, no ataque, Gabriel substituiu Everton"},"606290":{"titulo":"Sondado por Palmeiras e Santos, Kadu, do Atl\u00e9tico-PR, acerta verbalmente com o Gr\u00eamio","link":"https:\/\/www.futebolinterior.com.br\/sondado-por-palmeiras-e-santos-kadu-do-atletico-pr-acerta-verbalmente-com-o-gremio\/","chapeu":"S\u00d3 FALTA ASSINAR","data":"29\/10\/2015","imagem":"https:\/\/images.futebolinterior.com.br\/2021\/04\/0002050124457_img-300x208.jpg","resumo":"Zagueiro \u00e9 um dos destaques do Furac\u00e3o na temporada e dificilmente vai permanecer no clube em 2016, j\u00e1 que seu contrato termina em dezembro"},"606299":{"titulo":"Sem Allano, Mano testa Marcos Vin\u00edcius entre os titulares no Cruzeiro","link":"https:\/\/www.futebolinterior.com.br\/sem-allano-mano-testa-marcos-vinicius-entre-os-titulares-no-cruzeiro\/","chapeu":"TESTES","data":"29\/10\/2015","imagem":"https:\/\/images.futebolinterior.com.br\/2021\/04\/0002050124456_img.jpg","resumo":"Allano cumpriu suspens\u00e3o diante do Goi\u00e1s e voltaria ao time na pr\u00f3xima rodada. Mas, na quarta-feira, ele prendeu o p\u00e9 na grama do CT e precisou ser levado a um hospital"}}