{"1948441":{"titulo":"Paulista A3: Apenas um candidato efetiva candidatura para elei\u00e7\u00e3o no Bandeirante","link":"https:\/\/www.futebolinterior.com.br\/paulista-a3-apenas-um-candidato-efetiva-candidatura-para-eleicao-no-bandeirante\/","chapeu":"COMO VAI SER?","data":"22\/11\/2023","imagem":"https:\/\/images.futebolinterior.com.br\/2023\/11\/WhatsApp-Image-2023-11-22-at-13.26.58-300x150.jpeg","resumo":""},"1948314":{"titulo":"Paulista A3: EC S\u00e3o Bernardo se apresentou para temporada de 2024","link":"https:\/\/www.futebolinterior.com.br\/paulista-a3-ec-sao-bernardo-se-apresentou-para-temporada-de-2024\/","chapeu":"PONTAP\u00c9","data":"22\/11\/2023","imagem":"https:\/\/images.futebolinterior.com.br\/2023\/11\/ec-sao-berno.jpg","resumo":"A competi\u00e7\u00e3o tem inicio previsto para o dia 24 de janeiro e a final para 28 de abril.\u00a0"},"1948268":{"titulo":"Paulista A3: Conselho do Mar\u00edlia aprova recupera\u00e7\u00e3o judicial","link":"https:\/\/www.futebolinterior.com.br\/paulista-a3-conselho-do-marilia-aprova-recuperacao-judicial\/","chapeu":"APROVADO","data":"21\/11\/2023","imagem":"https:\/\/images.futebolinterior.com.br\/2023\/11\/imagem_2023-11-16_162621832-300x174.png","resumo":"Com a recupera\u00e7\u00e3o judicial, a SAF do clube tende a ficar em segundo plano. "},"1947980":{"titulo":"Paulista A3: Rio Preto inicia pr\u00e9-temporada no pr\u00f3ximo dia 30","link":"https:\/\/www.futebolinterior.com.br\/rio-preto-pre-temporada-dia-30\/","chapeu":"ESTADUAIS","data":"21\/11\/2023","imagem":"https:\/\/images.futebolinterior.com.br\/2023\/11\/Captura-de-tela-2023-11-21-190727-300x186.png","resumo":"Jogadores ser\u00e3o anunciados somente quando tiverem assinado o contrato e nome publicado no Boletim Informativo Di\u00e1rio (BID) da CBF"},"1947986":{"titulo":"Paulista A3: T\u00e9cnico destaca versatilidade no Votuporanguense e projeta 'coisas positivas'","link":"https:\/\/www.futebolinterior.com.br\/paulista-a3-tecnico-destaca-versatilidade-no-votuporanguense-e-projeta-coisas-positivas\/","chapeu":"PLANEJAMENTO","data":"21\/11\/2023","imagem":"https:\/\/images.futebolinterior.com.br\/2023\/11\/Screenshot_4-3-300x198.jpg","resumo":""},"1947923":{"titulo":"Paulista A3: Lemense se apresenta no dia 1\u00ba de dezembro","link":"https:\/\/www.futebolinterior.com.br\/lemense-apresentacao-dia-1-dezembro\/","chapeu":"ESTADUAIS","data":"21\/11\/2023","imagem":"https:\/\/images.futebolinterior.com.br\/2023\/11\/Captura-de-tela-2023-11-21-161606-300x147.png","resumo":"At\u00e9 o momento, 12 jogadores j\u00e1 foram anunciados oficialmente atrav\u00e9s das redes sociais do clube"},"1947927":{"titulo":"Paulista A3: Uni\u00e3o Suzano refor\u00e7a ataque com ex-Mirassol e ex-Brasil-RS","link":"https:\/\/www.futebolinterior.com.br\/paulista-a3-uniao-suzano-reforca-ataque-com-ex-mirassol-e-ex-brasil-rs\/","chapeu":"2 REFOR\u00c7OS","data":"21\/11\/2023","imagem":"https:\/\/images.futebolinterior.com.br\/2023\/11\/Screenshot_3-3-300x181.jpg","resumo":""},"1947842":{"titulo":"Paulista A3: Elenco do Mar\u00edlia se apresenta nesta ter\u00e7a-feira","link":"https:\/\/www.futebolinterior.com.br\/elenco-marilia-apresentacao-terca-feira\/","chapeu":"ESTADUAIS","data":"21\/11\/2023","imagem":"https:\/\/images.futebolinterior.com.br\/2023\/11\/imagem_2023-11-16_162621832-300x174.png","resumo":"Apenas o zagueiro Lucas Straub deve estar ausente, em raz\u00e3o de problemas particulares j\u00e1 conversados com a diretoria do Mar\u00edlia"},"1947792":{"titulo":"Paulista A3: Uni\u00e3o S\u00e3o Jo\u00e3o se reapresenta e inicia pr\u00e9-temporada. Fotos!","link":"https:\/\/www.futebolinterior.com.br\/paulista-a3-uniao-sao-joao-se-reapresenta-e-inicia-pre-temporada-fotos\/","chapeu":"AOS TRABALHOS","data":"21\/11\/2023","imagem":"https:\/\/images.futebolinterior.com.br\/2023\/11\/uniao-sao-joao-4-300x199.jpg","resumo":""},"1947322":{"titulo":"Paulista A3: Bandeirante convoca assembleia para definir s\u00f3cios aptos a votarem em elei\u00e7\u00e3o","link":"https:\/\/www.futebolinterior.com.br\/paulista-a3-bandeirante-eleicao\/","chapeu":"ANDAMENTO","data":"20\/11\/2023","imagem":"https:\/\/images.futebolinterior.com.br\/2023\/11\/waldir-300x236.jpg","resumo":""}}