{"1946607":{"titulo":"Pauista A3: Mesmo com rivais de olho, Mar\u00edlia segue de olho em meia ex-Ponte e Audax","link":"https:\/\/www.futebolinterior.com.br\/pauista-a3-mesmo-com-rivais-de-olho-marilia-segue-de-olho-em-meia-ex-ponte-e-audax\/","chapeu":"DE OLHO","data":"18\/11\/2023","imagem":"https:\/\/images.futebolinterior.com.br\/2023\/11\/Marcondele-Marilia-300x235.jpg","resumo":"Aos 27 anos, o meia se profissionalizou no clube em 2016 e jogou tamb\u00e9m no Bento de Abreu em 2017"},"1946466":{"titulo":"Paulista A3: Mar\u00edlia rescinde com zagueiro experiente","link":"https:\/\/www.futebolinterior.com.br\/paulista-a3-marilia-rescinde-zagueiro\/","chapeu":"RESCINDIU!","data":"18\/11\/2023","imagem":"https:\/\/images.futebolinterior.com.br\/2023\/11\/Captura-de-tela-2023-11-18-162520-300x134.png","resumo":"O Mar\u00edlia rescindiu com o zagueiro Guilherme Caf\u00e9 para a pr\u00f3xima temporada"},"1946271":{"titulo":"Paulista A3: Mar\u00edlia se refor\u00e7a com ex-XV de Piracicaba e renova com lateral de 21 anos","link":"https:\/\/www.futebolinterior.com.br\/paulista-a3-marilia-se-reforca-com-ex-xv-de-piracicaba-e-renova-com-lateral-de-21-anos\/","chapeu":"REFOR\u00c7O","data":"17\/11\/2023","imagem":"https:\/\/images.futebolinterior.com.br\/2023\/11\/Screenshot_3-1-300x156.jpg","resumo":""},"1946075":{"titulo":"Paulista A3: Gr\u00eamio Prudente contra o lateral Iury, terceiro refor\u00e7o para 2024","link":"https:\/\/www.futebolinterior.com.br\/paulista-a3-gremio-prudente-lateral\/","chapeu":"MAIS UM","data":"17\/11\/2023","imagem":"https:\/\/images.futebolinterior.com.br\/2023\/11\/Captura-de-tela-2023-11-17-163651-300x235.png","resumo":"O Gr\u00eamio Prudente acertou com o terceiro refor\u00e7o para a pr\u00f3xima temporada, quando disputa o Paulista A3"},"1945953":{"titulo":"Paulista A3: Votuporanguense acerta com Bady, ex-Athletico","link":"https:\/\/www.futebolinterior.com.br\/votuporanguense-acerta-bady-athletico\/","chapeu":"MERCADO DA BOLA","data":"17\/11\/2023","imagem":"https:\/\/images.futebolinterior.com.br\/2023\/11\/Captura-de-tela-2023-11-17-145902-300x189.png","resumo":"A diretoria do Votuporanguense tamb\u00e9m j\u00e1 anunciou as contrata\u00e7\u00f5es do lateral Vin\u00edcius Baracioli e do atacante Jean Carlo para o estadual"},"1945883":{"titulo":"Paulista A3: Uni\u00e3o S\u00e3o Jo\u00e3o renova com mais um campe\u00e3o da Segundona","link":"https:\/\/www.futebolinterior.com.br\/paulista-a3-uniao-sao-joao-renova\/","chapeu":"RENOVOU!","data":"17\/11\/2023","imagem":"https:\/\/images.futebolinterior.com.br\/2023\/11\/Captura-de-tela-2023-11-17-141534-300x180.png","resumo":"O Uni\u00e3o S\u00e3o Jo\u00e3o acertou a renova\u00e7\u00e3o do zagueiro Felipe Rocha, de 23 anos, para a pr\u00f3xima temporada pela disputa do Paulista A3"},"1945817":{"titulo":"Paulista A3: EC S\u00e3o Bernardo lan\u00e7a \u00faltimo epis\u00f3dio da webs\u00e9rie com Jean Chera","link":"https:\/\/www.futebolinterior.com.br\/ec-sao-bernardo-episodio-jean-chera\/","chapeu":"IMPERD\u00cdVEL","data":"17\/11\/2023","imagem":"https:\/\/images.futebolinterior.com.br\/2023\/11\/jean-chera-episodio-final-sao-bernardo-300x192.png","resumo":"Todos os epis\u00f3dios de \u201cJean Chera: O (Re)Come\u00e7o\" est\u00e3o dispon\u00edveis na TV Cachorr\u00e3o, canal oficial do EC S\u00e3o Bernardo no YouTube"},"1945452":{"titulo":"Paulista A3: Uni\u00e3o S\u00e3o Jo\u00e3o acerta com zagueiro e chega ao 11\u00ba refor\u00e7o","link":"https:\/\/www.futebolinterior.com.br\/a3-uniao-sao-joao-acerta-zagueiro\/","chapeu":"REFOR\u00c7O","data":"16\/11\/2023","imagem":"https:\/\/images.futebolinterior.com.br\/2023\/11\/Captura-de-tela-2023-11-16-181146-300x178.png","resumo":"O Uni\u00e3o S\u00e3o Jo\u00e3o acertou a renova\u00e7\u00e3o de contrato com o zagueiro Matheus Fernando at\u00e9 o final do Paulista A3 de 2024"},"1945328":{"titulo":"Paulista A3: Cinco atletas antecipam pr\u00e9-temporada no Mar\u00edlia","link":"https:\/\/www.futebolinterior.com.br\/cinco-atletas-pre-temporada-marilia\/","chapeu":"PREPARA\u00c7\u00c3O","data":"16\/11\/2023","imagem":"https:\/\/images.futebolinterior.com.br\/2023\/11\/imagem_2023-11-16_162621832-300x174.png","resumo":"Carlos, Guilherme Teixeira, Luiz\u00e3o, Jo\u00e3o Lucas e Raphael Macena j\u00e1 treinam junto \u00e0 comiss\u00e3o t\u00e9cnica desde o come\u00e7o da semana"},"1945115":{"titulo":"Paulista A3: Presidente do Mar\u00edlia convoca Conselho Deliberativo para discutir possibilidade de SAF","link":"https:\/\/www.futebolinterior.com.br\/presidente-marilia-sobre-possivel-saf\/","chapeu":"REUNI\u00c3O","data":"15\/11\/2023","imagem":"https:\/\/images.futebolinterior.com.br\/2023\/11\/imagem_2023-11-15_211803080-300x180.png","resumo":"O presidente do Mar\u00edlia Atl\u00e9tico Clube, Daniel Alonso, convocou nesta ter\u00e7a-feira (14) o Conselho Deliberativo do clube"}}