{"201425":{"titulo":"Her\u00f3i da Inter de Limeira elogia Elano: \"Ele d\u00e1 total confian\u00e7a\"","link":"https:\/\/www.futebolinterior.com.br\/heroi-da-inter-de-limeira-elogia-elano-ele-da-total-confianca\/","chapeu":"QUEM DIRIA...","data":"10\/02\/2020","imagem":"https:\/\/images.futebolinterior.com.br\/2020\/11\/0002050448763_img-300x157.jpg","resumo":"Inter de Limeira assumiu a lideran\u00e7a do Grupo C com os mesmos nove pontos do Mirassol, mas uma vit\u00f3ria a mais (3 a 2)"},"201433":{"titulo":"Com reservas em jogo-treino, Guarani empata sem gols com time da S\u00e9rie A3","link":"https:\/\/www.futebolinterior.com.br\/com-reservas-em-jogo-treino-guarani-empata-sem-gols-com-time-da-serie-a3\/","chapeu":"0 A 0","data":"10\/02\/2020","imagem":"https:\/\/images.futebolinterior.com.br\/2020\/11\/0002050448777_img-300x200.jpg","resumo":"Atividade serviu para o t\u00e9cnico Thiago Carpini dar rodagem a atletas pouco utilizados no Campeonato Paulista"},"201453":{"titulo":"Ferrovi\u00e1ria realiza sua pior campanha desde que voltou ao Paulist\u00e3o","link":"https:\/\/www.futebolinterior.com.br\/ferroviaria-realiza-sua-pior-campanha-desde-que-voltou-ao-paulistao\/","chapeu":"CRISE!","data":"10\/02\/2020","imagem":"https:\/\/images.futebolinterior.com.br\/2020\/11\/0002050448745_img-300x148.jpg","resumo":"Com apenas quatro pontos em cinco rodadas, Ferrinha demitiu S\u00e9rgio Soares nesta segunda-feira"},"201455":{"titulo":"\u00c1gua Santa vence 'fregu\u00eas' e encerra jejum de quase quatro anos no Paulist\u00e3o","link":"https:\/\/www.futebolinterior.com.br\/agua-santa-vence-fregues-e-encerra-jejum-de-quase-quatro-anos-no-paulistao\/","chapeu":"DE NOVO!","data":"10\/02\/2020","imagem":"https:\/\/images.futebolinterior.com.br\/2020\/11\/0002050448743_img-300x137.png","resumo":"Nas duas vezes que encarou a Ferrovi\u00e1ria no Paulist\u00e3o, clube de Diadema levou a melhor"},"201461":{"titulo":"Roberto Fonseca valoriza invencibilidade e quer tr\u00eas pontos fora de casa","link":"https:\/\/www.futebolinterior.com.br\/roberto-fonseca-valoriza-invencibilidade-e-quer-tres-pontos-fora-de-casa\/","chapeu":"SACODE A POEIRA","data":"10\/02\/2020","imagem":"https:\/\/images.futebolinterior.com.br\/2020\/11\/0002050448741_img-300x132.jpg","resumo":"Clube de Novo Horizonte ocupa a terceira coloca\u00e7\u00e3o do Grupo B com nove pontos, um a menos do que o G2"},"201473":{"titulo":"Paulist\u00e3o: Ponte lamenta viol\u00eancia no Majestoso e cede imagens \u00e0s autoridades","link":"https:\/\/www.futebolinterior.com.br\/paulistao-ponte-lamenta-violencia-no-majestoso-e-cede-imagens-as-autoridades\/","chapeu":"REP\u00daDIO","data":"10\/02\/2020","imagem":"https:\/\/images.futebolinterior.com.br\/2020\/11\/0002050448731_img-300x169.jpg","resumo":"Depois do fim do jogo contra o Palmeiras, lado externo do Est\u00e1dio Mois\u00e9s Lucarelli foi tomado por confus\u00e3o"},"201489":{"titulo":"Ap\u00f3s derrota, ex-treinador da Ponte Preta balan\u00e7a no Paulist\u00e3o","link":"https:\/\/www.futebolinterior.com.br\/apos-derrota-ex-treinador-da-ponte-preta-balanca-no-paulistao\/","chapeu":"CAIU ?","data":"10\/02\/2020","imagem":"https:\/\/images.futebolinterior.com.br\/2020\/11\/0002050448699_img-300x201.jpg","resumo":"S\u00e9rgio Soares teve sua sa\u00edda acertada pela diretoria da Ferrovi\u00e1ria nesta segunda-feira"},"201509":{"titulo":"Paulist\u00e3o: Sede social do S\u00e3o Paulo no Morumbi fica cheia de lama ap\u00f3s forte chuva","link":"https:\/\/www.futebolinterior.com.br\/paulistao-sede-social-do-sao-paulo-no-morumbi-fica-cheia-de-lama-apos-forte-chuva\/","chapeu":"INUNDOU","data":"10\/02\/2020","imagem":"https:\/\/images.futebolinterior.com.br\/2020\/11\/0002050448683_img-300x184.jpg","resumo":"Os vesti\u00e1rios e sala de imprensa do est\u00e1dio n\u00e3o foram inundados, como aconteceu ap\u00f3s chuva em mar\u00e7o do ano passado"},"201593":{"titulo":"Paulist\u00e3o: Cl\u00e9ber Reis \u00e9 preterido por Wellington Carvalho e deve perder vaga na Ponte","link":"https:\/\/www.futebolinterior.com.br\/paulistao-cleber-reis-e-preterido-por-wellington-carvalho-e-deve-perder-vaga-na-ponte\/","chapeu":"BANCO","data":"10\/02\/2020","imagem":"https:\/\/images.futebolinterior.com.br\/2020\/11\/0002050448594_img-300x212.jpg","resumo":"Ap\u00f3s come\u00e7ar temporada em baixa, zagueiro ficou no banco de reservas na derrota diante do Palmeiras"},"201526":{"titulo":"Paulist\u00e3o: Alagamentos em S\u00e3o Paulo fazem Palmeiras cancelar apresenta\u00e7\u00e3o de refor\u00e7o","link":"https:\/\/www.futebolinterior.com.br\/paulistao-alagamentos-em-sao-paulo-fazem-palmeiras-cancelar-apresentacao-de-reforco\/","chapeu":"PRA DEPOIS","data":"10\/02\/2020","imagem":"https:\/\/images.futebolinterior.com.br\/2020\/11\/0002050448669_img-300x169.jpg","resumo":"Mat\u00edas Vi\u00f1a, ex-lateral do Nacional (URU) \u00e9, at\u00e9 o momento, a \u00fanica contrata\u00e7\u00e3o do Verd\u00e3o para 2020"}}