{"201522":{"titulo":"Paulist\u00e3o: Ap\u00f3s primeira vit\u00f3ria, Pintado elogia elenco do \u00c1gua Santa: 'Entrega tudo'","link":"https:\/\/www.futebolinterior.com.br\/paulistao-apos-primeira-vitoria-pintado-elogia-elenco-do-agua-santa-entrega-tudo\/","chapeu":"SATISFEITO","data":"10\/02\/2020","imagem":"https:\/\/images.futebolinterior.com.br\/2020\/11\/0002050448668_img-300x208.png","resumo":"Netuno despachou a Ferrovi\u00e1ria, em Diadema, e fugiu da zona de rebaixamento no Estadual"},"201574":{"titulo":"Paulist\u00e3o: Kleina elogia segundo tempo da Ponte, mas lamenta rev\u00e9s: 'Merecia pontuar'","link":"https:\/\/www.futebolinterior.com.br\/paulistao-kleina-elogia-segundo-tempo-da-ponte-mas-lamenta-reves-merecia-pontuar\/","chapeu":"POR POUCO","data":"10\/02\/2020","imagem":"https:\/\/images.futebolinterior.com.br\/2020\/11\/0002050448608_img-300x169.jpg","resumo":"Macaca amargou a derrota consecutiva no Estadual e v\u00ea 'gordura' no G2 ser reduzida"},"201528":{"titulo":"Paulist\u00e3o: Por mudan\u00e7a do D\u00e9rbi 196, torcida organizada do Guarani pressiona diretoria","link":"https:\/\/www.futebolinterior.com.br\/paulistao-por-mudanca-do-derbi-196-torcida-organizada-do-guarani-pressiona-diretoria\/","chapeu":"MUDA A\u00cd","data":"10\/02\/2020","imagem":"https:\/\/images.futebolinterior.com.br\/2020\/11\/0002050448661_img-300x200.jpg","resumo":"Cl\u00e1ssico campineiro est\u00e1 agendado para 16 de mar\u00e7o, segunda-feira, \u00e0s 20h, no Brinco de Ouro, com torcida \u00fanica"},"201572":{"titulo":"Por testes e ritmo de jogo, Guarani agenda jogo-treino com time da S\u00e9rie A3","link":"https:\/\/www.futebolinterior.com.br\/por-testes-e-ritmo-de-jogo-guarani-agenda-jogo-treino-com-time-da-serie-a3\/","chapeu":"AMISTOSO","data":"10\/02\/2020","imagem":"https:\/\/images.futebolinterior.com.br\/2020\/11\/0002050448738_img-300x144.jpg","resumo":"Bugre enfrenta o Desportivo Brasil, nesta segunda-feira, \u00e0s 15h, em Porto Feliz"},"201535":{"titulo":"Paulist\u00e3o: Santos conta com volta de Soteldo contra o Botafogo-SP para melhorar ataque","link":"https:\/\/www.futebolinterior.com.br\/paulistao-santos-conta-com-volta-de-soteldo-contra-o-botafogo-sp-para-melhorar-ataque\/","chapeu":"BAIXINHO","data":"10\/02\/2020","imagem":"https:\/\/images.futebolinterior.com.br\/2020\/11\/0002050448659_img-300x200.jpg","resumo":"Peixe teve semana livre de prepara\u00e7\u00e3o ap\u00f3s derrota no cl\u00e1ssico diante do Corinthians"},"201530":{"titulo":"Paulist\u00e3o: Diniz ganha tr\u00eas refor\u00e7os no S\u00e3o Paulo para cl\u00e1ssico contra Corinthians","link":"https:\/\/www.futebolinterior.com.br\/paulistao-diniz-ganha-tres-reforcos-no-sao-paulo-para-classico-contra-corinthians\/","chapeu":"OP\u00c7\u00d5ES","data":"10\/02\/2020","imagem":"https:\/\/images.futebolinterior.com.br\/2020\/11\/0002050448657_img-300x169.jpg","resumo":"De volta da Sele\u00e7\u00e3o Ol\u00edmpica, Antony e Igor Gomes ficam \u00e0 disposi\u00e7\u00e3o do Tricolor para embate no Morumbi"},"201566":{"titulo":"Paulist\u00e3o: Carpini sai em defesa de goleiro do Guarani: 'Erramos e acertamos juntos'","link":"https:\/\/www.futebolinterior.com.br\/paulistao-carpini-sai-em-defesa-de-goleiro-do-guarani-erramos-e-acertamos-juntos\/","chapeu":"TAMO JUNTO!","data":"10\/02\/2020","imagem":"https:\/\/images.futebolinterior.com.br\/2020\/11\/0002050448609_img-300x200.jpg","resumo":"Jefferson Paulino falhou feio no empate bugrino diante do Oeste, na Arena Barueri, na \u00faltima sexta"},"201597":{"titulo":"Paulist\u00e3o: Guarani firma primeiro contrato profissional com promessa da base","link":"https:\/\/www.futebolinterior.com.br\/paulistao-guarani-firma-primeiro-contrato-profissional-com-promessa-da-base\/","chapeu":"JOIA","data":"10\/02\/2020","imagem":"https:\/\/images.futebolinterior.com.br\/2020\/11\/0002050448583_img-300x146.png","resumo":"M"},"201561":{"titulo":"Paulist\u00e3o: Kleina evita analisar arbitragem em rev\u00e9s da Ponte: '\u00c9 com a diretoria'","link":"https:\/\/www.futebolinterior.com.br\/paulistao-kleina-evita-analisar-arbitragem-em-reves-da-ponte-e-com-a-diretoria\/","chapeu":"NA BRONCA","data":"10\/02\/2020","imagem":"https:\/\/images.futebolinterior.com.br\/2020\/11\/0002050448615_img-300x257.jpg","resumo":"Macaca reclama\u00e7\u00e3o da n\u00e3o marca\u00e7\u00e3o de tr\u00eas poss\u00edveis p\u00eanaltis no duelo contra o Palmeiras"},"201591":{"titulo":"Paulist\u00e3o: Rodada ajuda, concorrentes trope\u00e7am e Guarani assume lideran\u00e7a do Grupo D","link":"https:\/\/www.futebolinterior.com.br\/paulistao-rodada-ajuda-concorrentes-tropecam-e-guarani-assume-lideranca-do-grupo-d\/","chapeu":"NO TOPO","data":"10\/02\/2020","imagem":"https:\/\/images.futebolinterior.com.br\/2020\/11\/0002050448600_img-300x200.jpg","resumo":"Bugre empatou com o Oeste, mas se beneficiou com derrota de Corinthians, Red Bull Bragantino e Ferrovi\u00e1ria"}}