{"201336":{"titulo":"Santos 2 x 0 Botafogo - Nem chuva atrapalha favoritismo do Peixe na Vila Belmiro","link":"https:\/\/www.futebolinterior.com.br\/santos-2-x-0-botafogo-nem-chuva-atrapalha-favoritismo-do-peixe-na-vila-belmiro\/","chapeu":"DEU A L\u00d3GICA","data":"10\/02\/2020","imagem":0,"resumo":"O resultado tamb\u00e9m deixou o Santos isolado na lideran\u00e7a do Grupo A, com 10 pontos, quatro na frente da Ponte Preta"},"201352":{"titulo":"Paulist\u00e3o: Vinicius Bergantin revela lavagem de roupa suja no Ituano","link":"https:\/\/www.futebolinterior.com.br\/paulistao-vinicius-bergantin-revela-lavagem-de-roupa-suja-no-ituano\/","chapeu":"VALE TUDO!","data":"10\/02\/2020","imagem":"https:\/\/images.futebolinterior.com.br\/2020\/11\/0002050448835_img-300x132.jpg","resumo":"Apesar de ter arrancado empate com o Novorizontino, o Galo segue sem vit\u00f3ria e na zona de classifica\u00e7\u00e3o"},"201360":{"titulo":"Paulist\u00e3o: Elano elogia atua\u00e7\u00e3o da Inter de Limeira: 'Tivemos uma tarde feliz'","link":"https:\/\/www.futebolinterior.com.br\/paulistao-elano-elogia-atuacao-da-inter-de-limeira-tivemos-uma-tarde-feliz\/","chapeu":"FOI BEM","data":"10\/02\/2020","imagem":"https:\/\/images.futebolinterior.com.br\/2020\/11\/0002050448832_img-300x200.jpg","resumo":"O t\u00e9cnico tamb\u00e9m projetou um restante de competi\u00e7\u00e3o dif\u00edcil e desgastante"},"201362":{"titulo":"Quarenta anos depois, p\u00fablico encolhe no Est\u00e1dio Mois\u00e9s Lucarelli","link":"https:\/\/www.futebolinterior.com.br\/quarenta-anos-depois-publico-encolhe-no-estadio-moises-lucarelli\/","chapeu":"BLOG DO ARI","data":"10\/02\/2020","imagem":"https:\/\/images.futebolinterior.com.br\/2020\/11\/0002050448830_img.jpg","resumo":"Quarenta anos depois, p\u00fablico encolhe no Est\u00e1dio Mois\u00e9s Lucarelli"},"201370":{"titulo":"Ramires e Marcos Rocha devem desfalcar o Palmeiras no domingo contra o Mirassol","link":"https:\/\/www.futebolinterior.com.br\/ramires-e-marcos-rocha-devem-desfalcar-o-palmeiras-no-domingo-contra-o-mirassol\/","chapeu":"PUTZ","data":"10\/02\/2020","imagem":"https:\/\/images.futebolinterior.com.br\/2020\/11\/0002050448826_img-300x169.jpg","resumo":"Ambos sofreram pancadas na partida do \u00faltimo s\u00e1bado, a vit\u00f3ria por 1 a 0 sobre a Ponte Preta, em Campinas"},"201389":{"titulo":"S\u00e3o Paulo volta a atrasar sal\u00e1rios e direitos de imagem dos jogadores","link":"https:\/\/www.futebolinterior.com.br\/sao-paulo-volta-a-atrasar-salarios-e-direitos-de-imagem-dos-jogadores\/","chapeu":"EITA!","data":"10\/02\/2020","imagem":"https:\/\/images.futebolinterior.com.br\/2020\/11\/0002050448823_img-300x184.jpg","resumo":"Os vencimentos referentes a janeiro de 2020 ainda n\u00e3o foram pagos aos atletas, mas a diretoria prometeu quitar os d\u00e9bitos "},"201382":{"titulo":"S\u00e9rgio Soares concentra trabalho em jogos importantes pela Copa do Brasil e Paulist\u00e3o","link":"https:\/\/www.futebolinterior.com.br\/sergio-soares-concentra-trabalho-em-jogos-importantes-pela-copa-do-brasil-e-paulistao\/","chapeu":"ELE FICA!","data":"10\/02\/2020","imagem":"https:\/\/images.futebolinterior.com.br\/2020\/11\/0002050448812_img-300x90.jpg","resumo":"Mantido no cargo, ele promete trabalhar duro para dar a volta por cima j\u00e1 nesta quinta-feira contra o Ava\u00ed"},"201408":{"titulo":"Jogador vibra com vit\u00f3ria da Inter de Limeira sobre o Corinthians: \u201cGigante\u201d","link":"https:\/\/www.futebolinterior.com.br\/jogador-vibra-com-vitoria-da-inter-de-limeira-sobre-o-corinthians-gigante\/","chapeu":"VIBRA\u00c7\u00c3O","data":"10\/02\/2020","imagem":"https:\/\/images.futebolinterior.com.br\/2020\/11\/0002050448786_img-300x179.jpg","resumo":"Um dos jogadores mais experientes do elenco, Roger Bernardo segue com os p\u00e9s no ch\u00e3o, mas acredita no potencial da equipe"},"201447":{"titulo":"Ap\u00f3s Pr\u00e9-Ol\u00edmpico, Atl\u00e9tico-MG confirma a venda do goleiro Cleiton ao Bragantino","link":"https:\/\/www.futebolinterior.com.br\/apos-pre-olimpico-atletico-mg-confirma-a-venda-do-goleiro-cleiton-ao-bragantino\/","chapeu":"PARED\u00c3O!","data":"10\/02\/2020","imagem":"https:\/\/images.futebolinterior.com.br\/2020\/11\/0002050448768_img-300x200.jpg","resumo":"Negocia\u00e7\u00e3o j\u00e1 estava encaminhada, mas an\u00fancio s\u00f3 aconteceu nesta segunda-feira"},"201423":{"titulo":"Paulist\u00e3o: Presidente do Guarani confirma inten\u00e7\u00e3o em alterar data do D\u00e9rbi 196","link":"https:\/\/www.futebolinterior.com.br\/paulistao-presidente-do-guarani-confirma-intencao-em-alterar-data-do-derbi-196\/","chapeu":"VAI TROCAR?","data":"10\/02\/2020","imagem":"https:\/\/images.futebolinterior.com.br\/2020\/11\/0002050448769_img-300x200.jpg","resumo":"Cl\u00e1ssico contra a Ponte Preta est\u00e1 inicialmente agendado para 16 de mar\u00e7o, segunda-feira, \u00e0s 20h"}}