{"422807":{"titulo":"Paulist\u00e3o: Animado com vit\u00f3ria, Moacir J\u00fanior quer os tr\u00eas pontos em casa","link":"https:\/\/www.futebolinterior.com.br\/paulistao-animado-com-vitoria-moacir-junior-quer-os-tres-pontos-em-casa\/","chapeu":"PARA EMBALAR!","data":"23\/01\/2018","imagem":"https:\/\/images.futebolinterior.com.br\/2021\/04\/0002050290046_img-227x300.jpg","resumo":"Linense superou a Ponte Preta fora de casa e, agora, contar\u00e1 com a torcida para pegar o S\u00e3o Caetano"},"422827":{"titulo":"Paulist\u00e3o: Jair Ventura v\u00ea planejamento atrasado no Santos e lamenta les\u00f5es no elenco","link":"https:\/\/www.futebolinterior.com.br\/paulistao-jair-ventura-ve-planejamento-atrasado-no-santos-e-lamenta-lesoes-no-elenco\/","chapeu":"FALTA TEMPO","data":"23\/01\/2018","imagem":"https:\/\/images.futebolinterior.com.br\/2021\/04\/0002050290040_img-300x200.jpg","resumo":"Ele tamb\u00e9m explicou que foi for\u00e7ado a realizar duas substitui\u00e7\u00f5es na segunda-feira - sacou Rom\u00e1rio e Renato por problemas f\u00edsicos"},"422831":{"titulo":"Paulist\u00e3o: Anderson Martins diz que S\u00e3o Paulo faz 'ajustes' para vencer","link":"https:\/\/www.futebolinterior.com.br\/paulistao-anderson-martins-diz-que-sao-paulo-faz-ajustes-para-vencer\/","chapeu":"PARA MELHORAR","data":"23\/01\/2018","imagem":"https:\/\/images.futebolinterior.com.br\/2021\/04\/0002050290039_img-300x168.jpg","resumo":" Estreante, deve ter chance como titular ao lado de Rodrigo Caio, j\u00e1 que Arboleda ainda se recupera de um estiramento na coxa direita"},"422825":{"titulo":"Paulist\u00e3o: Linense anuncia contrata\u00e7\u00e3o de Ytalo, atacante ex-S\u00e3o Paulo","link":"https:\/\/www.futebolinterior.com.br\/paulistao-linense-anuncia-contratacao-de-ytalo-atacante-ex-sao-paulo\/","chapeu":"OLHA ELE A\u00cd","data":"23\/01\/2018","imagem":"https:\/\/images.futebolinterior.com.br\/2021\/04\/0002050290037_img-300x193.jpg","resumo":"Jogador estava atuando no Vardar, da Maced\u00f4nia, ap\u00f3s r\u00e1pida passagem pelo CRB"},"422849":{"titulo":"Ap\u00f3s est\u00e1gio com Carille, Pl\u00ednio Godoy aparece como t\u00e9cnico promissor na carreira","link":"https:\/\/www.futebolinterior.com.br\/apos-estagio-com-carille-plinio-godoy-aparece-como-tecnico-promissor-na-carreira\/","chapeu":"SHOW","data":"23\/01\/2018","imagem":"https:\/\/images.futebolinterior.com.br\/2021\/04\/0002050290026_img-178x300.jpg","resumo":"Durante o est\u00e1gio Pl\u00ednio vai acompanhar tamb\u00e9m os jogos contra a Ferrovi\u00e1ria, na pr\u00f3xima quarta-feira"},"422859":{"titulo":"Paulist\u00e3o: D\u00favida entre Kazim e J\u00fanior Dutra \u00e9 primeiro dilema do Corinthians em 2018","link":"https:\/\/www.futebolinterior.com.br\/paulistao-duvida-entre-kazim-e-junior-dutra-e-primeiro-dilema-do-corinthians-em-2018\/","chapeu":"VISH","data":"23\/01\/2018","imagem":"https:\/\/images.futebolinterior.com.br\/2021\/04\/0002050290024_img-300x200.jpg","resumo":"Kazim foi titular nos dois jogos do Corinthians no torneio amistoso na Fl\u00f3rida, contra PSV Eindhoven e Rangers"},"422863":{"titulo":"Paulist\u00e3o: Em baixa, S\u00e3o Paulo ainda tenta minimizar efeitos da sa\u00edda de Hernanes","link":"https:\/\/www.futebolinterior.com.br\/paulistao-em-baixa-sao-paulo-ainda-tenta-minimizar-efeitos-da-saida-de-hernanes\/","chapeu":"PARA MELHORAR","data":"23\/01\/2018","imagem":"https:\/\/images.futebolinterior.com.br\/2021\/04\/0002050290023_img-300x226.jpg","resumo":" Para o t\u00e9cnico Dorival Junior, em avalia\u00e7\u00e3o realizada antes da estreia no Paulista, o time precisa de uma nova concep\u00e7\u00e3o "},"422853":{"titulo":"\"O interior tem seu valor\", diz Marcelo Veiga, t\u00e9cnico 100% no Paulist\u00e3o","link":"https:\/\/www.futebolinterior.com.br\/o-interior-tem-seu-valor-diz-marcelo-veiga-tecnico-100-no-paulistao\/","chapeu":"DEMOLIDOR!","data":"23\/01\/2018","imagem":"https:\/\/images.futebolinterior.com.br\/2021\/04\/0002050290022_img-300x188.jpg","resumo":"Bragantino superou o Santos em plena Vila Belmiro e lidera o Grupo A, o mesmo do atual campe\u00e3o Corinthians"},"422867":{"titulo":"Crefisa \u00e9 multada pela Receita Federal e contrato com o Palmeiras muda","link":"https:\/\/www.futebolinterior.com.br\/crefisa-e-multada-pela-receita-federal-e-contrato-com-o-palmeiras-muda\/","chapeu":"EM CIMA","data":"23\/01\/2018","imagem":"https:\/\/images.futebolinterior.com.br\/2021\/04\/0002050290017_img-300x200.jpg","resumo":"O aditivo contratual foi a solu\u00e7\u00e3o encontrada para a patrocinadora evitar novos problemas com a Receita Federal"},"422855":{"titulo":"L\u00e9o Cond\u00e9 opta por treinar com port\u00f5es fechados para recuperar o Botafogo","link":"https:\/\/www.futebolinterior.com.br\/leo-conde-opta-por-treinar-com-portoes-fechados-para-recuperar-o-botafogo\/","chapeu":"SOLU\u00c7\u00c3O?","data":"23\/01\/2018","imagem":"https:\/\/images.futebolinterior.com.br\/2021\/04\/0002050290018_img-300x200.jpg","resumo":"Ap\u00f3s duas derrotas, Pantera enfrentar\u00e1 o Novorizontino em casa nesta quarta-feira pela terceira rodada do Paulist\u00e3o"}}