{"422697":{"titulo":"C\u00e1ssio nega rod\u00edzio e sonha em bater recorde de jogos pelo Corinthians","link":"https:\/\/www.futebolinterior.com.br\/cassio-nega-rodizio-e-sonha-em-bater-recorde-de-jogos-pelo-corinthians\/","chapeu":"VAI QUE VAI!","data":"23\/01\/2018","imagem":"https:\/\/images.futebolinterior.com.br\/2021\/04\/0002050290115_img-300x190.jpg","resumo":"Ele \u00e9 o quarto goleiro que mais jogou na hist\u00f3ria do clube e est\u00e1 pr\u00f3ximo de chegar ao terceiro lugar"},"422686":{"titulo":"Palmeiras chama jogador de 16 anos para interc\u00e2mbio no profissional","link":"https:\/\/www.futebolinterior.com.br\/palmeiras-chama-jogador-de-16-anos-para-intercambio-no-profissional\/","chapeu":"QUE BELEZA!","data":"23\/01\/2018","imagem":"https:\/\/images.futebolinterior.com.br\/2021\/04\/0002050290114_img-300x218.jpg","resumo":"O jovem jogador assinou no ano passado o primeiro contrato profissional com o clube, v\u00e1lido at\u00e9 2020"},"422713":{"titulo":"Cueva se diz decepcionado com reserva no S\u00e3o Paulo: 'Pareceu que n\u00e3o sou importante'","link":"https:\/\/www.futebolinterior.com.br\/cueva-se-diz-decepcionado-com-reserva-no-sao-paulo-pareceu-que-nao-sou-importante\/","chapeu":"EST\u00c1 CHATO","data":"23\/01\/2018","imagem":"https:\/\/images.futebolinterior.com.br\/2021\/04\/0002050290106_img-300x200.jpg","resumo":"O Tricolor j\u00e1 negou uma proposta do Al-Hilal, da Ar\u00e1bia Saudita. O Krasnodar, da R\u00fassia, tamb\u00e9m j\u00e1 sondou o meia"},"422728":{"titulo":"Sondado, Cueva pede para n\u00e3o jogar e desfalca o S\u00e3o Paulo nesta quarta","link":"https:\/\/www.futebolinterior.com.br\/sondado-cueva-pede-para-nao-jogar-e-desfalca-o-sao-paulo-nesta-quarta\/","chapeu":"SAINDO?","data":"23\/01\/2018","imagem":"https:\/\/images.futebolinterior.com.br\/2021\/04\/0002050290102_img-300x193.jpg","resumo":"A atitude do jogador incomodou a diretoria. Para o diretor executivo de futebol do clube, Ra\u00ed, h\u00e1 falta de comprometimento"},"422730":{"titulo":"Carille faz cinco mudan\u00e7as no Corinthians para encarar a Ferrovi\u00e1ria","link":"https:\/\/www.futebolinterior.com.br\/carille-faz-cinco-mudancas-no-corinthians-para-encarar-a-ferroviaria\/","chapeu":"CONFIRA!","data":"23\/01\/2018","imagem":"https:\/\/images.futebolinterior.com.br\/2021\/04\/0002050290099_img-300x200.jpg","resumo":"Rodriguinho, Jadson, Romero, Clayson e Kazim devem ser poupados nesta terceira rodada"},"422721":{"titulo":"Paulist\u00e3o: Ferrovi\u00e1ria trabalha para fazer 'nova hist\u00f3ria' contra o Corinthians","link":"https:\/\/www.futebolinterior.com.br\/paulistao-ferroviaria-trabalha-para-fazer-nova-historia-contra-o-corinthians\/","chapeu":"J\u00c1 PENSOU?","data":"23\/01\/2018","imagem":"https:\/\/images.futebolinterior.com.br\/2021\/04\/0002050290090_img-300x188.jpg","resumo":"A Ferrovi\u00e1ria ainda n\u00e3o sabe o que \u00e9 vencer no Campeonato Paulista da S\u00e9rie A1"},"422755":{"titulo":"Paulist\u00e3o: Com Xuxa no banco de reservas, Mirassol define time titular","link":"https:\/\/www.futebolinterior.com.br\/paulistao-com-xuxa-no-banco-de-reservas-mirassol-define-time-titular\/","chapeu":"QUEM JOGA?","data":"23\/01\/2018","imagem":"https:\/\/images.futebolinterior.com.br\/2021\/04\/0002050290074_img-300x211.jpg","resumo":"O Mirassol ganhou um refor\u00e7o de peso para enfrentar o S\u00e3o Paulo, nesta quarta-feira, \u00e0s 21h45, pela 3\u00aa rodada do Campeonato Paulista da S\u00e9rie A1"},"422777":{"titulo":"Paulist\u00e3o: Santos empresta zagueiro Noguera ao Estudiantes, rival na Libertadores","link":"https:\/\/www.futebolinterior.com.br\/paulistao-santos-empresta-zagueiro-noguera-ao-estudiantes-rival-na-libertadores\/","chapeu":"TCHAU TCHAU!","data":"23\/01\/2018","imagem":"https:\/\/images.futebolinterior.com.br\/2021\/04\/0002050290072_img-300x200.jpg","resumo":"Em 2018, disputaria posi\u00e7\u00e3o com Lucas Ver\u00edssimo, David Braz, Luiz Felipe, Gustavo Henrique, Cl\u00e9ber e Matheus Guedes"},"422813":{"titulo":"Paulist\u00e3o: Palmeiras recusa proposta da China por camisa 7","link":"https:\/\/www.futebolinterior.com.br\/paulistao-palmeiras-recusa-proposta-da-china-por-camisa-7\/","chapeu":"ASSISTA O V\u00cdDEO","data":"23\/01\/2018","imagem":0,"resumo":"O Changchun Yatai ofereceu aproximadamente R$ 50 milh\u00f5es pelo atacante Dudu"},"422795":{"titulo":"Paulist\u00e3o: S\u00e3o Caetano contrata volante campe\u00e3o da Libertadores por Gr\u00eamio","link":"https:\/\/www.futebolinterior.com.br\/paulistao-sao-caetano-contrata-volante-campeao-da-libertadores-por-gremio\/","chapeu":"A\u00cd SIM ","data":"23\/01\/2018","imagem":"https:\/\/images.futebolinterior.com.br\/2021\/04\/0002050290049_img-300x276.jpg","resumo":"Ap\u00f3s ficar um bom tempo afastado no Corinthians, onde \u00e9 considerado \u00eddolo, o Cristian atuou pelo tricolor ga\u00facho"}}