{"422872":{"titulo":"Palmeiras ganha apertado Botafogo e Tim\u00e3o goleia o S\u00e3o Caetano no Paulist\u00e3o","link":"https:\/\/www.futebolinterior.com.br\/palmeiras-ganha-apertado-botafogo-e-timao-goleia-o-sao-caetano-no-paulistao\/","chapeu":"OPINI\u00c3O","data":"23\/01\/2018","imagem":"https:\/\/images.futebolinterior.com.br\/2021\/04\/0002050290010_img-300x175.jpg","resumo":"\u00c9 de se prever que aos poucos Verd\u00e3o e Tim\u00e3o comecem a disparar e se firmem como os grandes favoritos ao t\u00edtulo paulista deste ano"},"422875":{"titulo":"Portal Futebol Interior inova mais uma vez e lan\u00e7a parceria de sucesso com Par\u00f3dias FC","link":"https:\/\/www.futebolinterior.com.br\/portal-futebol-interior-inova-mais-uma-vez-e-lanca-parceria-de-sucesso-com-parodias-fc\/","chapeu":"DUPLA POSITIVA","data":"23\/01\/2018","imagem":"https:\/\/images.futebolinterior.com.br\/2021\/04\/0002050290003_img-285x300.jpg","resumo":"Agora estamos junto com o Par\u00f3dias FC, um canal no YouTube especializado em par\u00f3dias de futebol. "},"422879":{"titulo":"Ap\u00f3s derrota, jogadores do Santos reclamam da arbitragem contra o Bragantino","link":"https:\/\/www.futebolinterior.com.br\/apos-derrota-jogadores-do-santos-reclamam-da-arbitragem-contra-o-bragantino\/","chapeu":"EITA!","data":"22\/01\/2018","imagem":"https:\/\/images.futebolinterior.com.br\/2021\/04\/0002050289992_img-300x300.jpg","resumo":"O Peixe perdeu por 1 a 0 para o clube do interior paulista em plena Vila Belmiro"},"423018":{"titulo":"Sele\u00e7\u00e3o FI do Paulist\u00e3o tem destaques do Trio de Ferro e goleiro decisivo","link":"https:\/\/www.futebolinterior.com.br\/selecao-fi-do-paulistao-tem-destaques-do-trio-de-ferro-e-goleiro-decisivo\/","chapeu":"FERAS FEROZES","data":"22\/01\/2018","imagem":"https:\/\/images.futebolinterior.com.br\/2021\/04\/0002050289977_img-300x200.jpg","resumo":"A Sele\u00e7\u00e3o da Rodada do Futebol Interior j\u00e1 \u00e9 um sucesso h\u00e1 muitos anos e sempre prestigia os melhores jogadores de cada rodada"},"422888":{"titulo":"Santos 0 x 1 Bragantino - Peixe perde p\u00eanalti no \u00faltimo minuto e Braga cala a Vila!","link":"https:\/\/www.futebolinterior.com.br\/santos-0-x-1-bragantino-peixe-perde-penalti-no-ultimo-minuto-e-braga-cala-a-vila\/","chapeu":"DEU MASSA BRUTA","data":"22\/01\/2018","imagem":"https:\/\/images.futebolinterior.com.br\/2021\/04\/0002050289970_img-300x152.png","resumo":"Com o resultado, a equipe do interior ultrapassa o Ituano e fica com a primeira coloca\u00e7\u00e3o do Grupo A"},"422894":{"titulo":"Campe\u00e3o da Libertadores com o Gr\u00eamio pode jogar o Paulist\u00e3o pelo S\u00e3o Caetano","link":"https:\/\/www.futebolinterior.com.br\/campeao-da-libertadores-com-o-gremio-pode-jogar-o-paulistao-pelo-sao-caetano\/","chapeu":"UIA!","data":"22\/01\/2018","imagem":"https:\/\/images.futebolinterior.com.br\/2021\/04\/0002050289962_img-300x200.png","resumo":"Cristian revelou que est\u00e1 treinando no Azul\u00e3o, mas n\u00e3o deu pistas sobre um poss\u00edvel acerto"},"422898":{"titulo":"Paulist\u00e3o: Emprestado pelo S\u00e3o Paulo, Daniel faz 1\u00ba treino na Ponte Preta","link":"https:\/\/www.futebolinterior.com.br\/paulistao-emprestado-pelo-sao-paulo-daniel-faz-1o-treino-na-ponte-preta\/","chapeu":"ELE CHEGOU","data":"22\/01\/2018","imagem":"https:\/\/images.futebolinterior.com.br\/2021\/04\/0002050289960_img-300x193.jpg","resumo":"A Macaca ainda n\u00e3o oficializou sua contrata\u00e7\u00e3o porque falta a assinatura do contrato"},"422912":{"titulo":"Paulist\u00e3o: Pr\u00f3ximos jogos do S\u00e3o Caetano em casa ter\u00e3o Futebol Sustent\u00e1vel","link":"https:\/\/www.futebolinterior.com.br\/paulistao-proximos-jogos-do-sao-caetano-em-casa-terao-futebol-sustentavel\/","chapeu":"SHOWSTENT\u00c1VEL!","data":"22\/01\/2018","imagem":"https:\/\/images.futebolinterior.com.br\/2021\/04\/0002050289959_img-300x300.png","resumo":"Torcedor poder\u00e1 assistir aos jogos dotime e ainda contribuir pela preserva\u00e7\u00e3o do meio ambiente"},"422930":{"titulo":"Paulist\u00e3o: Refor\u00e7o, ex-Vasco pode estrear pelo Corinthians diante da Ferrovi\u00e1ria","link":"https:\/\/www.futebolinterior.com.br\/paulistao-reforco-ex-vasco-pode-estrear-pelo-corinthians-diante-da-ferroviaria\/","chapeu":"PRIMEIRO ATO","data":"22\/01\/2018","imagem":"https:\/\/images.futebolinterior.com.br\/2021\/04\/0002050289952_img-300x147.jpg","resumo":"Ao lado de Marquinhos Gabriel, Maycon e Lucca, Matheus Vital formou o meio de campo no treinamento desta segunda "},"422926":{"titulo":"Futebol Sustent\u00e1vel troca mais de 1.500 ingressos em apenas 24 horas em Lins","link":"https:\/\/www.futebolinterior.com.br\/futebol-sustentavel-troca-mais-de-1-500-ingressos-em-apenas-24-horas-em-lins\/","chapeu":"SHOWSTENT\u00c1VEL","data":"22\/01\/2018","imagem":"https:\/\/images.futebolinterior.com.br\/2021\/04\/0002050289942_img-300x169.jpg","resumo":"O Projeto vem sendo solicitado com sucesso por times de S\u00e3o Paulo com a inten\u00e7\u00e3o de lotar os est\u00e1dios"}}