{"421964":{"titulo":"Novorizontino x S\u00e3o Caetano - Divisor de \u00e1guas no Ismael de Biasi","link":"https:\/\/www.futebolinterior.com.br\/novorizontino-x-sao-caetano-divisor-de-aguas-no-ismael-de-biasi\/","chapeu":"QUEM LEVA?","data":"26\/01\/2018","imagem":"https:\/\/images.futebolinterior.com.br\/2021\/04\/0002050290811_img-300x225.jpg","resumo":"O S\u00e3o Caetano ainda busca a reabilita\u00e7\u00e3o no Campeonato Paulista da S\u00e9rie A1"},"421932":{"titulo":"Ex-Flu e Palmeiras \u00e9 oficializado pelo Corinthians: 'Honrado por vestir esse manto'","link":"https:\/\/www.futebolinterior.com.br\/ex-flu-e-palmeiras-e-oficializado-pelo-corinthians-honrado-por-vestir-esse-manto\/","chapeu":"ASSISTA O V\u00cdDEO","data":"26\/01\/2018","imagem":0,"resumo":"Integrante do grupo que defendeu o Brasil na \u00faltima Copa do Mundo, Henrique assinou contrato por duas temporadas "},"421944":{"titulo":"Corinthians x S\u00e3o Paulo - Como nos velhos tempos, Majestoso est\u00e1 de volta ao Pacaembu","link":"https:\/\/www.futebolinterior.com.br\/corinthians-x-sao-paulo-como-nos-velhos-tempos-majestoso-esta-de-volta-ao-pacaembu\/","chapeu":"\u00c9 MAJESTOSO","data":"26\/01\/2018","imagem":"https:\/\/images.futebolinterior.com.br\/2021\/04\/0002050290812_img-300x200.jpg","resumo":"Ambos os times vem embalados ap\u00f3s boas vit\u00f3rias e querem a todo custo vencer o primeiro cl\u00e1ssico de 2018"},"421975":{"titulo":"Palmeiras empresta argentino ao Bahia e faz acordo de prefer\u00eancia por meia","link":"https:\/\/www.futebolinterior.com.br\/palmeiras-empresta-argentino-ao-bahia-e-faz-acordo-de-preferencia-por-meia\/","chapeu":"TUDO ACORDADO! ","data":"26\/01\/2018","imagem":"https:\/\/images.futebolinterior.com.br\/2021\/04\/0002050290807_img-300x197.jpg","resumo":"Allione retorna para o Tricolor de A\u00e7o, onde atuou na temorada passada. Em contrapartida, Verd\u00e3o tem prioridade na compra de Z\u00e9 Rafael "},"421954":{"titulo":"Paulist\u00e3o: Ap\u00f3s pol\u00eamica, Cueva treina no S\u00e3o Paulo e deve ser reserva no cl\u00e1ssico","link":"https:\/\/www.futebolinterior.com.br\/paulistao-apos-polemica-cueva-treina-no-sao-paulo-e-deve-ser-reserva-no-classico\/","chapeu":"A\u00cd SIM","data":"26\/01\/2018","imagem":"https:\/\/images.futebolinterior.com.br\/2021\/04\/0002050290805_img-300x193.jpg","resumo":"Em campo no CT da Barra Funda, o t\u00e9cnico Dorival Junior treinou os titulares com a mesma forma\u00e7\u00e3o que iniciou o duelo contra o Mirassol"},"422000":{"titulo":"Paulist\u00e3o: Atacante apresenta melhora, mas desfalca o Santos contra o Ituano","link":"https:\/\/www.futebolinterior.com.br\/paulistao-atacante-apresenta-melhora-mas-desfalca-o-santos-contra-o-ituano\/","chapeu":"SEGUE FORA!","data":"26\/01\/2018","imagem":"https:\/\/images.futebolinterior.com.br\/2021\/04\/0002050290804_img-300x200.jpg","resumo":"Submetido a exames, Bruno Henrique foi diagnosticado com um trauma na retina do olho direito"},"421966":{"titulo":"Paulist\u00e3o: Mois\u00e9s Lucarelli contar\u00e1 com Futebol Sustent\u00e1vel no jogo do Red Bull","link":"https:\/\/www.futebolinterior.com.br\/paulistao-moises-lucarelli-contara-com-futebol-sustentavel-no-jogo-do-red-bull\/","chapeu":"VAI LOTAR!","data":"26\/01\/2018","imagem":"https:\/\/images.futebolinterior.com.br\/2021\/04\/0002050290796_img-200x300.jpg","resumo":"A partida ser\u00e1 na pr\u00f3xima segunda-feira, \u00e0s 19h30, contra o Linense. Tr\u00eas mil ingressos foram disponibilizados para a promo\u00e7\u00e3o"},"421988":{"titulo":"PAULIST\u00c3O: Com direito a cl\u00e1ssico Majestoso, 3\u00aa rodada promete ser muito equilibrada","link":"https:\/\/www.futebolinterior.com.br\/paulistao-com-direito-a-classico-majestoso-3a-rodada-promete-ser-muito-equilibrada\/","chapeu":"S\u00d3 TEM JOG\u00c3O","data":"26\/01\/2018","imagem":"https:\/\/images.futebolinterior.com.br\/2021\/04\/0002050290785_img-300x193.jpg","resumo":"O duelo entre Corinthians e S\u00e3o Paulo est\u00e1 marcado para esse s\u00e1bado, \u00e0s 17h, no Est\u00e1dio do Pacaembu"},"421992":{"titulo":"Paulist\u00e3o: T\u00e9cnico do Ituano pede calma e projeta jogo com o Santos","link":"https:\/\/www.futebolinterior.com.br\/paulistao-tecnico-do-ituano-pede-calma-e-projeta-jogo-com-o-santos\/","chapeu":"VAMOS L\u00c1","data":"26\/01\/2018","imagem":"https:\/\/images.futebolinterior.com.br\/2021\/04\/0002050290784_img-300x199.jpg","resumo":"O Ituano \u00e9 um dos tr\u00eas times que ainda est\u00e1 invicto no Campeonato Paulista"},"422002":{"titulo":"Paulist\u00e3o: Marcelo Veiga reconhece jogo ruim e lamenta derrota do Bragantino","link":"https:\/\/www.futebolinterior.com.br\/paulistao-marcelo-veiga-reconhece-jogo-ruim-e-lamenta-derrota-do-bragantino\/","chapeu":"N\u00c3O DEU","data":"26\/01\/2018","imagem":"https:\/\/images.futebolinterior.com.br\/2021\/04\/0002050290782_img-300x212.jpg","resumo":"Perder para o S\u00e3o Bento n\u00e3o estava nos planos do t\u00e9cnico Marcelo Veiga. Um dia depois da derrota por 1 a 0, o treinador deu folga para todos os jogadores titulares do Bragantino"}}