{"422019":{"titulo":"Paulist\u00e3o: Carille aguarda exames para escalar o Corinthians no cl\u00e1ssico","link":"https:\/\/www.futebolinterior.com.br\/paulistao-carille-aguarda-exames-para-escalar-o-corinthians-no-classico\/","chapeu":"T\u00c1 FEIO","data":"26\/01\/2018","imagem":"https:\/\/images.futebolinterior.com.br\/2021\/04\/0002050290770_img-300x200.jpg","resumo":"A preocupa\u00e7\u00e3o maior do comadante est\u00e1 com o setor defensivo e com o atacante J\u00fanior Dutra"},"422044":{"titulo":"R\u00e1dios campe\u00e3s de audi\u00eancia em Campinas se credenciam com a ACEISP em 2018","link":"https:\/\/www.futebolinterior.com.br\/radios-campeas-de-audiencia-em-campinas-se-credenciam-com-a-aceisp-em-2018\/","chapeu":"AGORA SIM ","data":"26\/01\/2018","imagem":"https:\/\/images.futebolinterior.com.br\/2021\/04\/0002050290751_img-300x212.jpg","resumo":"As R\u00e1dios Band, CBN e Brasil, de Campinas, tamb\u00e9m est\u00e3o credenciadas com a Associa\u00e7\u00e3o dos Cronistas Esportivos do Interior de S\u00e3o Paulo (ACEISP)."},"422052":{"titulo":"Paulist\u00e3o: Roger Machado elogia reservas e cogita fazer mudan\u00e7as no Palmeiras","link":"https:\/\/www.futebolinterior.com.br\/paulistao-roger-machado-elogia-reservas-e-cogita-fazer-mudancas-no-palmeiras\/","chapeu":"PARA MELHORAR","data":"26\/01\/2018","imagem":"https:\/\/images.futebolinterior.com.br\/2021\/04\/0002050290748_img-300x200.jpg","resumo":"O treinador afirmou que o segredo para a disputa por posi\u00e7\u00e3o ter mudan\u00e7as \u00e9 a dedica\u00e7\u00e3o aos treinos, onde Thiago Santos se destacou"},"422063":{"titulo":"Paulist\u00e3o: S\u00e3o Paulo encaminha acerto para retorno de Lugano como dirigente","link":"https:\/\/www.futebolinterior.com.br\/paulistao-sao-paulo-encaminha-acerto-para-retorno-de-lugano-como-dirigente\/","chapeu":"A\u00cd SIM","data":"26\/01\/2018","imagem":"https:\/\/images.futebolinterior.com.br\/2021\/04\/0002050290745_img-300x193.jpg","resumo":"Nos corredores do Morumbi, a chegada de Lugano j\u00e1 \u00e9 certa para a semana que vem, mas o uruguaio estuda acompanhar a c\u00fapula tricolor"},"422067":{"titulo":"Com retorno de titulares, Corinthians larga na frente contra o S\u00e3o Paulo nas apostas","link":"https:\/\/www.futebolinterior.com.br\/com-retorno-de-titulares-corinthians-larga-na-frente-contra-o-sao-paulo-nas-apostas\/","chapeu":"PROGN\u00d3STICOS","data":"26\/01\/2018","imagem":"https:\/\/images.futebolinterior.com.br\/2021\/04\/0002050290740_img-300x200.jpg","resumo":"Confira na reportagem abaixo os odds da quarta rodada da fase de Grupos do Campeonato Paulista"},"422077":{"titulo":"Paulist\u00e3o: Jair elogia Rodrygo e pede paci\u00eancia com reestreia de Gabriel no Santos","link":"https:\/\/www.futebolinterior.com.br\/paulistao-jair-elogia-rodrygo-e-pede-paciencia-com-reestreia-de-gabriel-no-santos\/","chapeu":"PARA MELHORAR","data":"26\/01\/2018","imagem":"https:\/\/images.futebolinterior.com.br\/2021\/04\/0002050290735_img-300x130.jpg","resumo":"O comandante tamb\u00e9m aprovou a entrada de Sasha, que marcou seu primeiro gol em sua segunda partida pelo Peixe"},"422083":{"titulo":"Paulist\u00e3o: Jailson revela ter treinado nas f\u00e9rias para ser titular do Palmeiras","link":"https:\/\/www.futebolinterior.com.br\/paulistao-jailson-revela-ter-treinado-nas-ferias-para-ser-titular-do-palmeiras\/","chapeu":"FOCADO","data":"26\/01\/2018","imagem":"https:\/\/images.futebolinterior.com.br\/2021\/04\/0002050290731_img-300x187.jpg","resumo":"O goleiro Jailson, do Palmeiras, desfrutou nesta quinta-feira de um esfor\u00e7o feito quando podia estar de folga"},"422087":{"titulo":"Mesmo com derrota, Copa SP p\u00f5e garotos do S\u00e3o Paulo na mira de Dorival","link":"https:\/\/www.futebolinterior.com.br\/mesmo-com-derrota-copa-sp-poe-garotos-do-sao-paulo-na-mira-de-dorival\/","chapeu":"FORAM BEM","data":"26\/01\/2018","imagem":"https:\/\/images.futebolinterior.com.br\/2021\/04\/0002050290730_img-300x185.jpg","resumo":"Os atletas do time sub-20 do S\u00e3o Paulo sabiam que boas atua\u00e7\u00f5es na Copa S\u00e3o Paulo seriam cruciais para aumentarem suas chances de atuar no time principal"},"422089":{"titulo":"Diretoria do Corinthians deve pagar pr\u00eamio atrasado do Brasileir\u00e3o at\u00e9 a elei\u00e7\u00e3o","link":"https:\/\/www.futebolinterior.com.br\/diretoria-do-corinthians-deve-pagar-premio-atrasado-do-brasileirao-ate-a-eleicao\/","chapeu":"FINALMENTE","data":"26\/01\/2018","imagem":"https:\/\/images.futebolinterior.com.br\/2021\/04\/0002050290729_img-300x188.jpg","resumo":"Roberto de Andrade deixa a presid\u00eancia do Corinthians no dia 3 de fevereiro, mas antes de passar o comando para seu sucessor, pretende acertar a premia\u00e7\u00e3o pelo t\u00edtulo do Campeonato"},"422098":{"titulo":"Palmeiras \u00e9 l\u00edder geral do Paulist\u00e3o e com 100% de aproveitamento","link":"https:\/\/www.futebolinterior.com.br\/palmeiras-e-lider-geral-do-paulistao-e-com-100-de-aproveitamento\/","chapeu":"OPINI\u00c3O","data":"26\/01\/2018","imagem":"https:\/\/images.futebolinterior.com.br\/2021\/04\/0002050290714_img-300x149.jpg","resumo":"Foram tr\u00eas jogos, tr\u00eas vit\u00f3rias. Nove pontos ganhos mesmo sem jogar tudo o que teoricamente pode."}}