{"421782":{"titulo":"Nen\u00ea se despede do Vasco ap\u00f3s acordo e deve ser apresentado no S\u00e3o Paulo na segunda-feira","link":"https:\/\/www.futebolinterior.com.br\/nene-se-despede-do-vasco-apos-acordo-e-deve-ser-apresentado-no-sao-paulo-na-segunda-feira\/","chapeu":"T\u00d5 CHEGANDO !","data":"27\/01\/2018","imagem":"https:\/\/images.futebolinterior.com.br\/2021\/04\/0002050290970_img-260x300.jpg","resumo":"Abriu m\u00e3o de R$ 1,5 milh\u00e3o de sal\u00e1rios atrasados e vai baixar seu sal\u00e1rio de R$ 400 mil para ficar no Morumbi"},"421791":{"titulo":"Bragantino x Palmeiras - Quem segura o Verd\u00e3o?","link":"https:\/\/www.futebolinterior.com.br\/bragantino-x-palmeiras-quem-segura-o-verdao\/","chapeu":"VERD\u00c3O 100%","data":"26\/01\/2018","imagem":"https:\/\/images.futebolinterior.com.br\/2021\/04\/0002050290966_img-300x169.jpg","resumo":"\u00daltimo time que ainda segue com 100% de aproveitamento no Paulist\u00e3o, o Palmeiras tem mais um desafio neste domingo"},"421793":{"titulo":"Santos x Ituano - Invicto, Galo quer fazer frente ao Peixe no Pacaembu","link":"https:\/\/www.futebolinterior.com.br\/santos-x-ituano-invicto-galo-quer-fazer-frente-ao-peixe-no-pacaembu\/","chapeu":"JOGO BOM","data":"26\/01\/2018","imagem":"https:\/\/images.futebolinterior.com.br\/2021\/04\/0002050290965_img-300x169.jpg","resumo":"O time da Baixada vem embalado pela vit\u00f3ria de virada, no \u00faltimo minuto, contra a Ponte Preta"},"421829":{"titulo":"Paulist\u00e3o: Elei\u00e7\u00e3o presidencial do Corinthians pode acabar na Justi\u00e7a","link":"https:\/\/www.futebolinterior.com.br\/paulistao-eleicao-presidencial-do-corinthians-pode-acabar-na-justica\/","chapeu":"DEU RUIM","data":"26\/01\/2018","imagem":"https:\/\/images.futebolinterior.com.br\/2021\/04\/0002050290928_img-300x199.jpg","resumo":"No s\u00e1bado que vem, ocorrer\u00e1 a elei\u00e7\u00e3o, mas poss\u00edveis impugna\u00e7\u00f5es n\u00e3o permitem assegurar que o vencedor assumir\u00e1"},"421818":{"titulo":"S\u00e3o Bento perde zagueiro Jo\u00e3o Paulo contra a Ponte Preta e com les\u00e3o no ombro","link":"https:\/\/www.futebolinterior.com.br\/sao-bento-perde-zagueiro-joao-paulo-contra-a-ponte-preta-e-com-lesao-no-ombro\/","chapeu":"BAIXA NO BENT\u00c3O","data":"26\/01\/2018","imagem":"https:\/\/images.futebolinterior.com.br\/2021\/04\/0002050290908_img-258x300.jpg","resumo":"Jo\u00e3o Paulo passou por exames m\u00e9dicos e deve ficar v\u00e1rios jogos fora do time dirigido por Paulo Roberto Santos"},"421872":{"titulo":"Paulist\u00e3o: Nen\u00ea tem acordo encaminhado de duas temporadas com o S\u00e3o Paulo","link":"https:\/\/www.futebolinterior.com.br\/paulistao-nene-tem-acordo-encaminhado-de-duas-temporadas-com-o-sao-paulo\/","chapeu":"S\u00c3O PAULO?","data":"26\/01\/2018","imagem":"https:\/\/images.futebolinterior.com.br\/2021\/04\/0002050290878_img-237x300.jpg","resumo":"O clube paulista discute detalhes contratuais com o jogador para anunci\u00e1-lo oficialmente "},"421895":{"titulo":"Ponte Preta busca acordo para rescindir com o goleiro Aranha","link":"https:\/\/www.futebolinterior.com.br\/ponte-preta-busca-acordo-para-rescindir-com-o-goleiro-aranha\/","chapeu":"FIM DA LINHA","data":"26\/01\/2018","imagem":"https:\/\/images.futebolinterior.com.br\/2021\/04\/0002050290861_img-300x169.jpg","resumo":"Jogador j\u00e1 foi liberado e nem est\u00e1 participando dos treinos com o restante do elenco"},"421925":{"titulo":"Paulist\u00e3o: Vecchio pede paci\u00eancia, mas elogia Rodrygo, promessa do Santos","link":"https:\/\/www.futebolinterior.com.br\/paulistao-vecchio-pede-paciencia-mas-elogia-rodrygo-promessa-do-santos\/","chapeu":"P\u00c9S NO CH\u00c3O","data":"26\/01\/2018","imagem":"https:\/\/images.futebolinterior.com.br\/2021\/04\/0002050290847_img-300x300.jpg","resumo":"O garoto de 17 anos marcou o gol da vit\u00f3ria santista sobre a Ponte Preta na \u00faltima quinta-feira"},"421911":{"titulo":"Dorival deixa Cueva fora da lista de relacionados para cl\u00e1ssico com o Corinthians","link":"https:\/\/www.futebolinterior.com.br\/dorival-deixa-cueva-fora-da-lista-de-relacionados-para-classico-com-o-corinthians\/","chapeu":"PROBLEMA?","data":"26\/01\/2018","imagem":"https:\/\/images.futebolinterior.com.br\/2021\/04\/0002050290843_img-300x193.jpg","resumo":"A novidade na lista de relacionados para o cl\u00e1ssico \u00e9 o volante Hudson, que voltou ao Tricolor"},"421938":{"titulo":"S\u00e3o Bento x Ponte Preta - Azul\u00e3o pode emplacar sequ\u00eancia incr\u00edvel","link":"https:\/\/www.futebolinterior.com.br\/sao-bento-x-ponte-preta-azulao-pode-emplacar-sequencia-incrivel\/","chapeu":"SER\u00c1?","data":"26\/01\/2018","imagem":"https:\/\/images.futebolinterior.com.br\/2021\/04\/0002050290810_img-300x200.jpg","resumo":"Com apenas tr\u00eas jogos, o S\u00e3o Bento j\u00e1 \u00e9 a sensa\u00e7\u00e3o do Campeonato Paulista da S\u00e9rie A1"}}