{"421703":{"titulo":"Carille explica que quest\u00e3o f\u00edsica pesou para escala\u00e7\u00e3o de Kazim no cl\u00e1ssico","link":"https:\/\/www.futebolinterior.com.br\/carille-explica-que-questao-fisica-pesou-para-escalacao-de-kazim-no-classico\/","chapeu":"VEJA BEM","data":"27\/01\/2018","imagem":"https:\/\/images.futebolinterior.com.br\/2021\/04\/0002050291092_img-300x169.jpg","resumo":"T\u00e9cnico tamb\u00e9m falou sobre a possibilidade de colocar Danilo para atuar como centroavante"},"421713":{"titulo":"Balbuena curte fase artilheira no Corinthians e Carille torce por renova\u00e7\u00e3o","link":"https:\/\/www.futebolinterior.com.br\/balbuena-curte-fase-artilheira-no-corinthians-e-carille-torce-por-renovacao\/","chapeu":"GENERAL","data":"27\/01\/2018","imagem":"https:\/\/images.futebolinterior.com.br\/2021\/04\/0002050291046_img-300x188.jpg","resumo":"Paraguaio tamb\u00e9m ressaltou que sua principal obriga\u00e7\u00e3o \u00e9 defender, sendo por isso que ele precisa ser cobrado"},"421693":{"titulo":"Novorizontino 1 x 0 S\u00e3o Caetano - De tanto insistir, Tigre derruba Azul\u00e3o no final","link":"https:\/\/www.futebolinterior.com.br\/novorizontino-1-x-0-sao-caetano-de-tanto-insistir-tigre-derruba-azulao-no-final\/","chapeu":"\u00c1GUA MOLE...","data":"27\/01\/2018","imagem":0,"resumo":"Tigre insistiu no jogo a\u00e9reo e conseguiu 'achar' seu gol aos 44 minutos do segundo tempo com Francis"},"421711":{"titulo":"Jogadores do S\u00e3o Paulo culpam 'detalhes' por derrota para o Corinthians","link":"https:\/\/www.futebolinterior.com.br\/jogadores-do-sao-paulo-culpam-detalhes-por-derrota-para-o-corinthians\/","chapeu":"ACONTECE...","data":"27\/01\/2018","imagem":"https:\/\/images.futebolinterior.com.br\/2021\/04\/0002050291045_img-300x193.jpg","resumo":"Os s\u00e3o-paulinos destacaram a desaten\u00e7\u00e3o no primeiro minuto de jogo e apontaram a boa atua\u00e7\u00e3o da equipe"},"421715":{"titulo":"Gabriel faz 1\u00ba treino com bola e Santos encerra prepara\u00e7\u00e3o para pegar o Ituano","link":"https:\/\/www.futebolinterior.com.br\/gabriel-faz-1o-treino-com-bola-e-santos-encerra-preparacao-para-pegar-o-ituano\/","chapeu":"TUDO PRONTO","data":"27\/01\/2018","imagem":"https:\/\/images.futebolinterior.com.br\/2021\/04\/0002050291044_img-300x200.jpg","resumo":"Jogador ainda n\u00e3o foi regularizado no Boletim Informativo Di\u00e1rio (BID) da CBF e, por isso, n\u00e3o tem condi\u00e7\u00f5es de jogo"},"421722":{"titulo":"Corinthians 2 x 1 S\u00e3o Paulo - Experi\u00eancia corintiana garante vit\u00f3ria no cl\u00e1ssico!","link":"https:\/\/www.futebolinterior.com.br\/corinthians-2-x-1-sao-paulo-experiencia-corintiana-garante-vitoria-no-classico\/","chapeu":"NA MACIOTA","data":"27\/01\/2018","imagem":0,"resumo":"Jogo serviu para mostrar a diferen\u00e7a das equipes em rela\u00e7\u00e3o \u00e0 organiza\u00e7\u00e3o e \u00e0 disposi\u00e7\u00e3o t\u00e1tica"},"421750":{"titulo":"Comiss\u00e3o eleitoral do Corinthians pede impugna\u00e7\u00e3o de Paulo Garcia, da Kalunga","link":"https:\/\/www.futebolinterior.com.br\/comissao-eleitoral-do-corinthians-pede-impugnacao-de-paulo-garcia-da-kalunga\/","chapeu":"FORA DO P\u00c1REO","data":"27\/01\/2018","imagem":"https:\/\/images.futebolinterior.com.br\/2021\/04\/0002050291005_img-300x300.jpg","resumo":"Garcia \u00e9 acusado de pagar para s\u00f3cios inadimplentes regularizarem suas situa\u00e7\u00f5es e poderem votar na elei\u00e7\u00e3o para o clube. "},"421742":{"titulo":"Paulist\u00e3o: Embalado, S\u00e3o Bento desafia tabu contra Ponte Preta em Sorocaba","link":"https:\/\/www.futebolinterior.com.br\/paulistao-embalado-sao-bento-desafia-tabu-contra-ponte-preta-em-sorocaba\/","chapeu":"CONTRA TABU","data":"27\/01\/2018","imagem":"https:\/\/images.futebolinterior.com.br\/2021\/04\/0002050291001_img-300x200.jpg","resumo":"Bent\u00e3o parte em busca de sua terceira vit\u00f3ria e acabar com jejum de 27 anos sem vencer a Macaca"},"421767":{"titulo":"Especulado no Corinthians e no Santos, Tr\u00e9llez acerta com o S\u00e3o Paulo","link":"https:\/\/www.futebolinterior.com.br\/especulado-no-corinthians-e-no-santos-trellez-acerta-com-o-sao-paulo\/","chapeu":"\u00c9 TRICOLOR!","data":"27\/01\/2018","imagem":"https:\/\/images.futebolinterior.com.br\/2021\/04\/0002050290979_img-300x169.jpg","resumo":"O jogador \u00e9 o quinto refor\u00e7o no processo de reconstru\u00e7\u00e3o do elenco liderado pelo t\u00e9cnico Dorival J\u00fanior"},"421784":{"titulo":"Primeiro cl\u00e1ssico do Paulist\u00e3o testa Corinthians e S\u00e3o Paulo","link":"https:\/\/www.futebolinterior.com.br\/primeiro-classico-do-paulistao-testa-corinthians-e-sao-paulo\/","chapeu":"JOG\u00c3O NO PACA","data":"27\/01\/2018","imagem":"https:\/\/images.futebolinterior.com.br\/2021\/04\/0002050290977_img-300x169.jpg","resumo":"Cercadas de d\u00favidas, as duas equipes tem o primeiro grande teste de 2018"}}