{"420330":{"titulo":"Ituano x Ponte Preta - Macaca precisa espantar a crise em Itu","link":"https:\/\/www.futebolinterior.com.br\/ituano-x-ponte-preta-macaca-precisa-espantar-a-crise-em-itu\/","chapeu":"PRA GANHAR","data":"02\/02\/2018","imagem":"https:\/\/images.futebolinterior.com.br\/2021\/04\/0002050292270_img-300x175.jpg","resumo":"A Ponte Preta lida com o dilema de separar o futebol dos problemas extracampo"},"420299":{"titulo":"Paulist\u00e3o: Tuma pede anula\u00e7\u00e3o da candidatura de Andr\u00e9s Sanchez no Corinthians","link":"https:\/\/www.futebolinterior.com.br\/paulistao-tuma-pede-anulacao-da-candidatura-de-andres-sanchez-no-corinthians\/","chapeu":"VISH...","data":"02\/02\/2018","imagem":"https:\/\/images.futebolinterior.com.br\/2021\/04\/0002050292279_img-300x166.jpg","resumo":"Candidato de oposi\u00e7\u00e3o entrou com uma a\u00e7\u00e3o na Justi\u00e7a. Ele alega que por ser deputado federal, Andr\u00e9s n\u00e3o poderia se eleger presidente"},"420306":{"titulo":"Paulist\u00e3o: De casa cheia, Novorizontino se prepara para enfrentar o Corinthians","link":"https:\/\/www.futebolinterior.com.br\/paulistao-de-casa-cheia-novorizontino-se-prepara-para-enfrentar-o-corinthians\/","chapeu":"JOG\u00c3O","data":"02\/02\/2018","imagem":"https:\/\/images.futebolinterior.com.br\/2021\/04\/0002050292274_img-300x225.jpg","resumo":"O Novorizontino tem um in\u00edcio surpreendente no Campeonato Paulista da S\u00e9rie A1"},"420308":{"titulo":"Paulist\u00e3o: Jair nega marca\u00e7\u00e3o individual em Lucas Lima e prev\u00ea jogo equilibrado","link":"https:\/\/www.futebolinterior.com.br\/paulistao-jair-nega-marcacao-individual-em-lucas-lima-e-preve-jogo-equilibrado\/","chapeu":"QUE JOG\u00c3O!","data":"02\/02\/2018","imagem":"https:\/\/images.futebolinterior.com.br\/2021\/04\/0002050292272_img-300x200.jpg","resumo":"T\u00e9cnico santista ainda fez mist\u00e9rio sobre titularidade de Gabigol, que est\u00e1 relacionado para o cl\u00e1ssico de domingo no Allianz Parque"},"420317":{"titulo":"Paulist\u00e3o: Sem desfalques, Botafogo mant\u00e9m o mesmo time pra enfrentar o S\u00e3o Paulo","link":"https:\/\/www.futebolinterior.com.br\/paulistao-sem-desfalques-botafogo-mantem-o-mesmo-time-pra-enfrentar-o-sao-paulo\/","chapeu":"PRA CIMA","data":"02\/02\/2018","imagem":"https:\/\/images.futebolinterior.com.br\/2021\/04\/0002050292271_img-300x169.jpg","resumo":"O Botafogo tem um grande desafio para cumprir neste s\u00e1bado, \u00e0s 17 horas, pela 5\u00aa rodada do Campeonato Paulista da S\u00e9rie A1"},"420334":{"titulo":"Paulist\u00e3o: Roger diz usar Lucas Lima como espi\u00e3o para levar vantagem contra o Santos","link":"https:\/\/www.futebolinterior.com.br\/paulistao-roger-diz-usar-lucas-lima-como-espiao-para-levar-vantagem-contra-o-santos\/","chapeu":"PISTAS!","data":"02\/02\/2018","imagem":"https:\/\/images.futebolinterior.com.br\/2021\/04\/0002050292260_img-177x300.jpg","resumo":"Meia palmeirense deve ser novamente titular no meio-campo do Palmeiras, ao lado de Tch\u00ea-Tch\u00ea e Felipe Melo"},"420370":{"titulo":"Paulist\u00e3o: Emocionado, Roberto de Andrade diz que sai realizado e defende seu trabalho","link":"https:\/\/www.futebolinterior.com.br\/paulistao-emocionado-roberto-de-andrade-diz-que-sai-realizado-e-defende-seu-trabalho\/","chapeu":"DIA DO ADEUS!","data":"02\/02\/2018","imagem":"https:\/\/images.futebolinterior.com.br\/2021\/04\/0002050292284_img-300x171.jpg","resumo":"Dirigente ainda admitiu apoio \u00e0 candidatura de Andr\u00e9s Sanchez, em elei\u00e7\u00e3o que acontecer\u00e1 neste s\u00e1bado"},"420387":{"titulo":"Paulist\u00e3o: Sem Anderson Martins, Dorival indica escala\u00e7\u00e3o que enfrenta o Botafogo-SP","link":"https:\/\/www.futebolinterior.com.br\/paulistao-sem-anderson-martins-dorival-indica-escalacao-que-enfrenta-o-botafogo-sp\/","chapeu":"QUEM JOGA?","data":"02\/02\/2018","imagem":"https:\/\/images.futebolinterior.com.br\/2021\/04\/0002050292235_img-300x186.jpg","resumo":"Nen\u00ea e Cueva atuaram no time reserva durante o treinamento. Ambos devem aparecer entre os suplentes do tricolor neste s\u00e1bado"},"420402":{"titulo":"Paulist\u00e3o: Carille conduz rach\u00e3o e adia defini\u00e7\u00e3o de titular no ataque do Corinthians","link":"https:\/\/www.futebolinterior.com.br\/paulistao-carille-conduz-rachao-e-adia-definicao-de-titular-no-ataque-do-corinthians\/","chapeu":"D\u00daVIDA!","data":"02\/02\/2018","imagem":"https:\/\/images.futebolinterior.com.br\/2021\/04\/0002050292227_img-300x200.jpg","resumo":"\r\n"},"420423":{"titulo":"Paulist\u00e3o: Corinthians anuncia novo patroc\u00ednio na despedida de Roberto de Andrade","link":"https:\/\/www.futebolinterior.com.br\/paulistao-corinthians-anuncia-novo-patrocinio-na-despedida-de-roberto-de-andrade\/","chapeu":"\u00c9 O JEITO!","data":"02\/02\/2018","imagem":"https:\/\/images.futebolinterior.com.br\/2021\/04\/0002050292219_img-300x200.jpg","resumo":"Nome da empresa ser\u00e1 exibido nas costas da camisa do Tim\u00e3o. Clube ainda procura por um patrocinador master"}}