{"420197":{"titulo":"S\u00e3o Paulo x Botafogo-SP - Com novidades no banco, Tricolor tenta embalar","link":"https:\/\/www.futebolinterior.com.br\/sao-paulo-x-botafogo-sp-com-novidades-no-banco-tricolor-tenta-embalar\/","chapeu":"ESTREIAS","data":"02\/02\/2018","imagem":"https:\/\/images.futebolinterior.com.br\/2021\/04\/0002050292355_img-300x188.png","resumo":"Nen\u00ea e Tr\u00e9llez ser\u00e3o relacionados para o banco de reservas, assim como o peruano Cueva"},"420203":{"titulo":"Paulist\u00e3o: Eduardo foca em duelo do Linense com a Ferrovi\u00e1ria","link":"https:\/\/www.futebolinterior.com.br\/paulistao-eduardo-foca-em-duelo-do-linense-com-a-ferroviaria\/","chapeu":"FOCADO","data":"02\/02\/2018","imagem":"https:\/\/images.futebolinterior.com.br\/2021\/04\/0002050292351_img-300x200.jpg","resumo":"Lateral espera grande vit\u00f3ria da sua equipe no confronto em casa na segunda"},"420243":{"titulo":"Paulist\u00e3o: S\u00e3o Paulo avan\u00e7a em negocia\u00e7\u00e3o e fica perto de acerto com o meia Vald\u00edvia","link":"https:\/\/www.futebolinterior.com.br\/paulistao-sao-paulo-avanca-em-negociacao-e-fica-perto-de-acerto-com-o-meia-valdivia\/","chapeu":"A\u00cd SIM","data":"02\/02\/2018","imagem":"https:\/\/images.futebolinterior.com.br\/2021\/04\/0002050292342_img-300x208.jpg","resumo":"O jogador discute detalhes contratuais e poss\u00edveis datas para realiza\u00e7\u00e3o de exames m\u00e9dicos no CT da Barra Funda"},"420260":{"titulo":"Paulist\u00e3o: Dorival Jr. relaciona Nen\u00ea, Tr\u00e9llez e Cueva para jogo contra o Botafogo-SP","link":"https:\/\/www.futebolinterior.com.br\/paulistao-dorival-jr-relaciona-nene-trellez-e-cueva-para-jogo-contra-o-botafogo-sp\/","chapeu":"FOR\u00c7A M\u00c1XIMA!","data":"02\/02\/2018","imagem":"https:\/\/images.futebolinterior.com.br\/2021\/04\/0002050292348_img-300x193.jpg","resumo":"Zagueiros Anderson Martins e Arboleda s\u00e3o desfalues no tricolor. Rodrigo Caio e Bruno Alves devem formar a zaga titular"},"420211":{"titulo":"Paulist\u00e3o: Neg\u00f3cios com argentino esfriam e Santos mira Marquinhos Gabriel","link":"https:\/\/www.futebolinterior.com.br\/paulistao-negocios-com-argentino-esfriam-e-santos-mira-marquinhos-gabriel\/","chapeu":"NOVO ALVO?","data":"02\/02\/2018","imagem":"https:\/\/images.futebolinterior.com.br\/2021\/04\/0002050292346_img-300x200.jpg","resumo":"J\u00e1 que o Tigres n\u00e3o pretende liberar Zelaray\u00e1n por empr\u00e9stimo, o Santos consultou o Corinthians por Marquinhos Gabriel"},"420209":{"titulo":"Paulist\u00e3o: Jovem goleiro v\u00ea realiza\u00e7\u00e3o de sonho na Ponte Preta","link":"https:\/\/www.futebolinterior.com.br\/paulistao-jovem-goleiro-ve-realizacao-de-sonho-na-ponte-preta\/","chapeu":"OPA!","data":"02\/02\/2018","imagem":"https:\/\/images.futebolinterior.com.br\/2021\/04\/0002050292347_img-300x154.jpg","resumo":"Ivan deve ser o titular da Macaca na partida frente ao Ituano, no Novelli J\u00fanior"},"420268":{"titulo":"PAULIST\u00c3O: Ainda 100%, Palmeiras tem primeiro grande teste diante do Santos","link":"https:\/\/www.futebolinterior.com.br\/paulistao-ainda-100-palmeiras-tem-primeiro-grande-teste-diante-do-santos\/","chapeu":"\u00c9 CL\u00c1SSICO!","data":"02\/02\/2018","imagem":"https:\/\/images.futebolinterior.com.br\/2021\/04\/0002050292323_img-300x178.jpg","resumo":"Ap\u00f3s contrata\u00e7\u00f5es de peso para a temporada, uma boa vit\u00f3ria contra o Peixe convenceria de vez os torcedores"},"420247":{"titulo":"Paulist\u00e3o: Copete conta com retrospecto positivo para balan\u00e7ar as redes contra o Palmeiras","link":"https:\/\/www.futebolinterior.com.br\/paulistao-copete-conta-com-retrospecto-positivo-para-balancar-as-redes-contra-o-palmeiras\/","chapeu":"BONS N\u00daMEROS!","data":"02\/02\/2018","imagem":"https:\/\/images.futebolinterior.com.br\/2021\/04\/0002050292319_img-300x200.jpg","resumo":"Colombiano marcou seis gols contra os principais rivais do estado e jamais foi derrotado pelo Verd\u00e3o"},"420302":{"titulo":"Red Bull x Baragantino - Braga tenta se recuperar contra Toro Loko em reabilita\u00e7\u00e3o","link":"https:\/\/www.futebolinterior.com.br\/red-bull-x-baragantino-braga-tenta-se-recuperar-contra-toro-loko-em-reabilitacao\/","chapeu":"OSCILANDO","data":"02\/02\/2018","imagem":"https:\/\/images.futebolinterior.com.br\/2021\/04\/0002050292273_img-300x205.jpg","resumo":"Os dois times se enfrentam \u00e0s 19 horas deste s\u00e1bado, no Mois\u00e9s Lucarelli, pela quinta rodada do Paulist\u00e3o"},"420257":{"titulo":"Paulist\u00e3o: Roger repete time e Palmeiras n\u00e3o deve ter mudan\u00e7as para o cl\u00e1ssico","link":"https:\/\/www.futebolinterior.com.br\/paulistao-roger-repete-time-e-palmeiras-nao-deve-ter-mudancas-para-o-classico\/","chapeu":"TUDO IGUAL!","data":"02\/02\/2018","imagem":"https:\/\/images.futebolinterior.com.br\/2021\/04\/0002050292310_img-196x300.jpg","resumo":"Verd\u00e3o vai fazer mais um treinamento neste s\u00e1bado pela manh\u00e3. Atividade n\u00e3o ser\u00e1 aberta para imprensa"}}