{"419497":{"titulo":"Paulist\u00e3o: Dorival Jr. saca Brenner e indica o S\u00e3o Paulo com Cueva e Nen\u00ea titulares","link":"https:\/\/www.futebolinterior.com.br\/paulistao-dorival-jr-saca-brenner-e-indica-o-sao-paulo-com-cueva-e-nene-titulares\/","chapeu":"MUDAN\u00c7AS","data":"05\/02\/2018","imagem":"https:\/\/images.futebolinterior.com.br\/2021\/04\/0002050293164_img-300x189.png","resumo":"No treinamento, o t\u00e9cnico tricolor exigiu press\u00e3o da marca\u00e7\u00e3o, velocidade e melhor aproveitamento na posse de bola"},"419495":{"titulo":"Corinthians inicia a venda de ingressos para primeiros jogos no Itaquer\u00e3o em 2018","link":"https:\/\/www.futebolinterior.com.br\/corinthians-inicia-a-venda-de-ingressos-para-primeiros-jogos-no-itaquerao-em-2018\/","chapeu":"DE VOLTA!","data":"05\/02\/2018","imagem":"https:\/\/images.futebolinterior.com.br\/2021\/04\/0002050293163_img-300x200.jpg","resumo":"Os primeiros compromissos do time em casa ser\u00e3o todos pelo Campeonato Paulista, contra o S\u00e3o Bento e Mirassol"},"419511":{"titulo":"Paulist\u00e3o: Destaque do Palmeiras, Felipe Melo se torna l\u00edder em desarmes","link":"https:\/\/www.futebolinterior.com.br\/paulistao-destaque-do-palmeiras-felipe-melo-se-torna-lider-em-desarmes\/","chapeu":"TOP","data":"05\/02\/2018","imagem":"https:\/\/images.futebolinterior.com.br\/2021\/04\/0002050293158_img-252x300.jpg","resumo":" Mesmo sem ter atuado em todas as rodadas do torneio, ele acumula 18 intercepta\u00e7\u00f5es"},"419517":{"titulo":"Paulist\u00e3o: FPF confirma cl\u00e1ssico entre Santos e Corinthians no Pacaembu","link":"https:\/\/www.futebolinterior.com.br\/paulistao-fpf-confirma-classico-entre-santos-e-corinthians-no-pacaembu\/","chapeu":"LEGAL","data":"05\/02\/2018","imagem":"https:\/\/images.futebolinterior.com.br\/2021\/04\/0002050293130_img-300x186.jpg","resumo":"O duelo ser\u00e1 realizado em 4 de mar\u00e7o, \u00e0s 17 horas, pela d\u00e9cima rodada do estadual"},"419527":{"titulo":"Paulist\u00e3o: Eduardo Sasha tem concuss\u00e3o cerebral leve e \u00e9 d\u00favida do Santos para s\u00e1bado","link":"https:\/\/www.futebolinterior.com.br\/paulistao-eduardo-sasha-tem-concussao-cerebral-leve-e-e-duvida-do-santos-para-sabado\/","chapeu":"VISH...","data":"05\/02\/2018","imagem":"https:\/\/images.futebolinterior.com.br\/2021\/04\/0002050293119_img-200x300.jpg","resumo":"Equipe alvi-negra enfrenta a Ferrovi\u00e1ria pelo Campeonato Paulista. Outra baixa \u00e9 o zagueiro Luiz Felipe"},"419544":{"titulo":"Paulist\u00e3o: Reinaldo comemora retorno e abre as portas do S\u00e3o Paulo para Vald\u00edvia","link":"https:\/\/www.futebolinterior.com.br\/paulistao-reinaldo-comemora-retorno-e-abre-as-portas-do-sao-paulo-para-valdivia\/","chapeu":"DE VOLTA","data":"05\/02\/2018","imagem":"https:\/\/images.futebolinterior.com.br\/2021\/04\/0002050293108_img-300x193.jpg","resumo":"Lateral recebeu grandes cr\u00edticas da torcida em sua primeira passagem pelo tricolor. Ap\u00f3s duas boas temporadas, jogador voltou ao clube"},"419561":{"titulo":"Paulist\u00e3o: Ap\u00f3s exames, S\u00e3o Paulo quer anunciar Vald\u00edvia como sexto refor\u00e7o at\u00e9 ter\u00e7a","link":"https:\/\/www.futebolinterior.com.br\/paulistao-apos-exames-sao-paulo-quer-anunciar-valdivia-como-sexto-reforco-ate-terca\/","chapeu":"CHEGANDO...","data":"05\/02\/2018","imagem":"https:\/\/images.futebolinterior.com.br\/2021\/04\/0002050293093_img-300x196.jpg","resumo":"Ainda faltam defini\u00e7\u00f5es em detalhes do contrato. Meia-atacante deve ser emprestado por 1 ano pelo Internacional "},"419551":{"titulo":"Paulist\u00e3o: Ap\u00f3s tr\u00eas anos no comando, Luiz Carlos Martins deixa o S\u00e3o Caetano","link":"https:\/\/www.futebolinterior.com.br\/paulistao-apos-tres-anos-no-comando-luiz-carlos-martins-deixa-o-sao-caetano\/","chapeu":"FIM...","data":"05\/02\/2018","imagem":"https:\/\/images.futebolinterior.com.br\/2021\/04\/0002050293098_img-300x169.jpg","resumo":"Treinador foi o respons\u00e1vel por tirar o time da S\u00e9rie A2 no ano passado, mas in\u00edcio na elite foi complicado"},"419587":{"titulo":"Paulist\u00e3o: Borja exalta confian\u00e7a do t\u00e9cnico do Palmeiras: 'Me sinto melhor com Roger'","link":"https:\/\/www.futebolinterior.com.br\/paulistao-borja-exalta-confianca-do-tecnico-do-palmeiras-me-sinto-melhor-com-roger\/","chapeu":"AGORA VAI?","data":"05\/02\/2018","imagem":"https:\/\/images.futebolinterior.com.br\/2021\/04\/0002050293073_img-300x185.jpg","resumo":"Atacante colobiano elogia trabalho de Roger Machado e afirma que est\u00e1 se adaptando ao estilo do futebol brasileiro"},"419601":{"titulo":"Paulist\u00e3o: Deivid exalta o 1\u00ba tempo do Red Bull e projeta jogo contra o S\u00e3o Caetano","link":"https:\/\/www.futebolinterior.com.br\/paulistao-deivid-exalta-o-1o-tempo-do-red-bull-e-projeta-jogo-contra-o-sao-caetano\/","chapeu":"BUSCANDO VAGA!","data":"05\/02\/2018","imagem":"https:\/\/images.futebolinterior.com.br\/2021\/04\/0002050293056_img-300x185.jpg","resumo":"Equipe tem 6 pontos e est\u00e1 em 3\u00ba lugar do grupo D, o mais equilibrado do Campeonato Paulista. Santos, o l\u00edder do grupo, tem 7 pontos"}}