{"419412":{"titulo":"Paulist\u00e3o: Ex-auxiliar t\u00e9cnico do S\u00e3o Paulo vai comandar o S\u00e3o Caetano pela 3\u00aa vez","link":"https:\/\/www.futebolinterior.com.br\/paulistao-ex-auxiliar-tecnico-do-sao-paulo-vai-comandar-o-sao-caetano-pela-3a-vez\/","chapeu":"EXCLUSIVO!","data":"06\/02\/2018","imagem":"https:\/\/images.futebolinterior.com.br\/2021\/04\/0002050293230_img-300x233.jpg","resumo":"Aos 52 anos, Pintado retona com a miss\u00e3o de reabilitar o Azul\u00e3o, clube que j\u00e1 dirigiu em 2008 e 2013 "},"419406":{"titulo":"Paulist\u00e3o: Em comum acordo com o presidente, t\u00e9cnico deixa o Linense","link":"https:\/\/www.futebolinterior.com.br\/paulistao-em-comum-acordo-com-o-presidente-tecnico-deixa-o-linense\/","chapeu":"ACABOU","data":"06\/02\/2018","imagem":"https:\/\/images.futebolinterior.com.br\/2021\/04\/0002050293227_img-225x300.jpg","resumo":"Moacir J\u00fanior n\u00e3o \u00e9 mais t\u00e9cnico do Linense no Campeonato Paulista da S\u00e9rie A1"},"419436":{"titulo":"Paulist\u00e3o: Ap\u00f3s rescis\u00e3o, Aranha cobra R$ 5 milh\u00f5es da Ponte na justi\u00e7a","link":"https:\/\/www.futebolinterior.com.br\/paulistao-apos-rescisao-aranha-cobra-r-5-milhoes-da-ponte-na-justica\/","chapeu":"PESADO","data":"06\/02\/2018","imagem":"https:\/\/images.futebolinterior.com.br\/2021\/04\/0002050293212_img-300x200.jpg","resumo":"Aranha seguiu o caminho natural e entrou na justi\u00e7a contra a Ponte Preta para cobrar R$ 5 milh\u00f5es da rescis\u00e3o unilateral anunciada pela diretoria na \u00faltima semana"},"419461":{"titulo":"Paulist\u00e3o: Corinthians v\u00ea 'clima favor\u00e1vel' pra negocia\u00e7\u00e3o de d\u00edvida do Itaquer\u00e3o","link":"https:\/\/www.futebolinterior.com.br\/paulistao-corinthians-ve-clima-favoravel-pra-negociacao-de-divida-do-itaquerao\/","chapeu":"T\u00c1 SUAVE","data":"06\/02\/2018","imagem":"https:\/\/images.futebolinterior.com.br\/2021\/04\/0002050293198_img-300x200.jpg","resumo":"O Corinthians emitiu um comunicado oficial em que demonstra otimismo em rela\u00e7\u00e3o \u00e0 negocia\u00e7\u00e3o de sua d\u00edvida com a Caixa Econ\u00f4mica Federal referente \u00e0 constru\u00e7\u00e3o do Itaquer\u00e3o"},"419465":{"titulo":"Clubes brasileiros procuram um camisa 9; craques do passado admitem dificuldades","link":"https:\/\/www.futebolinterior.com.br\/clubes-brasileiros-procuram-um-camisa-9-craques-do-passado-admitem-dificuldades\/","chapeu":"QUEM CHEGA?","data":"06\/02\/2018","imagem":"https:\/\/images.futebolinterior.com.br\/2021\/04\/0002050293196_img-300x187.jpg","resumo":"Rom\u00e1rio, Ronaldo, Careca, Reinaldo, Serginho Chulapa, Roberto Dinamite, Viola, Evair, Dario, Coutinho e Pag\u00e3o"},"419463":{"titulo":"Paulist\u00e3o: Borja completa um ano no Palmeiras e lan\u00e7a projeto social na Col\u00f4mbia","link":"https:\/\/www.futebolinterior.com.br\/paulistao-borja-completa-um-ano-no-palmeiras-e-lanca-projeto-social-na-colombia\/","chapeu":"T\u00c1 BEM","data":"06\/02\/2018","imagem":"https:\/\/images.futebolinterior.com.br\/2021\/04\/0002050293197_img-300x175.jpg","resumo":"Miguel Borja vive um momento especial nesta semana"},"419467":{"titulo":"Nicolau Tuma a eterna metralhadora do r\u00e1dio brasileiro","link":"https:\/\/www.futebolinterior.com.br\/nicolau-tuma-a-eterna-metralhadora-do-radio-brasileiro\/","chapeu":"CR\u00d4NICA","data":"06\/02\/2018","imagem":0,"resumo":"Primeiro narrador que transmitiu um jogo de futebol na \u00edntegra, e que inovou nas transmiss\u00f5es, depois de Tuma o r\u00e1dio esportivo mudou"},"419635":{"titulo":"Sele\u00e7\u00e3o FI do Paulist\u00e3o da 5\u00aa rodada tem dom\u00ednio do interior e atacante contestado","link":"https:\/\/www.futebolinterior.com.br\/selecao-fi-do-paulistao-da-5a-rodada-tem-dominio-do-interior-e-atacante-contestado\/","chapeu":"TIME SHOW","data":"05\/02\/2018","imagem":"https:\/\/images.futebolinterior.com.br\/2021\/04\/0002050293171_img-300x169.jpg","resumo":"O colombiano Borja agradou a torcida Palmeirense e foi um dos carrascos do Santos"},"419482":{"titulo":"Linense 1 x 2 Ferrovi\u00e1ria - Ferrinha vence a primeira e joga Elefante para o descenso","link":"https:\/\/www.futebolinterior.com.br\/linense-1-x-2-ferroviaria-ferrinha-vence-a-primeira-e-joga-elefante-para-o-descenso\/","chapeu":"UFA!","data":"05\/02\/2018","imagem":"https:\/\/images.futebolinterior.com.br\/2021\/04\/0002050293168_img-300x200.jpg","resumo":"Mais de 3 mil torcedores compareceram ao Gilbert\u00e3o, atrav\u00e9s do Projeto Futebol Sustent\u00e1vel"},"419493":{"titulo":"Paulist\u00e3o: Futebol Sustent\u00e1vel leva bom p\u00fablico para ver o Linense no Gilbert\u00e3o","link":"https:\/\/www.futebolinterior.com.br\/paulistao-futebol-sustentavel-leva-bom-publico-para-ver-o-linense-no-gilbertao\/","chapeu":"SHOWSTENT\u00c1VEL","data":"05\/02\/2018","imagem":"https:\/\/images.futebolinterior.com.br\/2021\/04\/0002050293160_img-300x169.jpg","resumo":"Tr\u00eas mil torcedores presentes no delo com o Ferrovi\u00e1ria aderiram \u00e0 promo\u00e7\u00e3o criada pelo empres\u00e1rio Edvaldo Ferraz"}}