{"419637":{"titulo":"Paulist\u00e3o: Grupo do Gr\u00eamio Novorizontino comenta derrota para o Corinthians","link":"https:\/\/www.futebolinterior.com.br\/paulistao-grupo-do-gremio-novorizontino-comenta-derrota-para-o-corinthians\/","chapeu":"VAI MELHORAR!","data":"05\/02\/2018","imagem":"https:\/\/images.futebolinterior.com.br\/2021\/04\/0002050293024_img-300x225.jpg","resumo":"Apesar do resultado, o volante Lucas Siqueira acredita que o jogo foi importante para a equipe"},"419642":{"titulo":"Paulist\u00e3o: Red Bull lamenta empate com o Bragantino, mas j\u00e1 projeta S\u00e3o Caetano","link":"https:\/\/www.futebolinterior.com.br\/paulistao-red-bull-lamenta-empate-com-o-bragantino-mas-ja-projeta-sao-caetano\/","chapeu":"VAI TORO!","data":"05\/02\/2018","imagem":"https:\/\/images.futebolinterior.com.br\/2021\/04\/0002050293020_img-300x190.jpg","resumo":"No s\u00e1bado de Carnaval, o Toro Loko vai em busca da vit\u00f3ria contra o Azul\u00e3o, no Anacleto Campanella, na regi\u00e3o do ABC Paulista"},"419649":{"titulo":"Paulist\u00e3o: Por quebra de tabu, Linense joga contra a Ferrovi\u00e1ria no Gilbert\u00e3o","link":"https:\/\/www.futebolinterior.com.br\/paulistao-por-quebra-de-tabu-linense-joga-contra-a-ferroviaria-no-gilbertao\/","chapeu":"RETROSPECTO!","data":"05\/02\/2018","imagem":"https:\/\/images.futebolinterior.com.br\/2021\/04\/0002050293015_img-300x200.jpg","resumo":"Como mandante, o Elefante n\u00e3o vence h\u00e1 a Locomotiva Gren\u00e1 h\u00e1 11 anos desde a semifinal da Copa Paulista de 2007"},"419678":{"titulo":"Respaldado por Carille, Pl\u00ednio Godoy deve assumir cargo na base do Corinthians","link":"https:\/\/www.futebolinterior.com.br\/respaldado-por-carille-plinio-godoy-deve-assumir-cargo-na-base-do-corinthians\/","chapeu":"APOIADO!","data":"05\/02\/2018","imagem":"https:\/\/images.futebolinterior.com.br\/2021\/04\/0002050292998_img-287x300.jpg","resumo":"Com passagem pelo futebol italiano como jogador, o promissor t\u00e9cnico segue a mesma linha de trabalho do treinador campe\u00e3o brasileiro "},"419703":{"titulo":"Paulist\u00e3o: Derrota para o Palmeiras n\u00e3o abala confian\u00e7a dos jogadores do Santos","link":"https:\/\/www.futebolinterior.com.br\/paulistao-derrota-para-o-palmeiras-nao-abala-confianca-dos-jogadores-do-santos\/","chapeu":"FIRME","data":"05\/02\/2018","imagem":"https:\/\/images.futebolinterior.com.br\/2021\/04\/0002050292997_img-300x130.jpg","resumo":"A derrota no cl\u00e1ssico para o Palmeiras n\u00e3o abalou a confian\u00e7a dos jogadores do Santos, tampouco a do t\u00e9cnico Jair Ventura"},"419701":{"titulo":"Paulist\u00e3o: Com ingressos do Futebol Sustent\u00e1vel esgotados, Linense espera casa cheia","link":"https:\/\/www.futebolinterior.com.br\/paulistao-com-ingressos-do-futebol-sustentavel-esgotados-linense-espera-casa-cheia\/","chapeu":"VAI BOMBAR!","data":"05\/02\/2018","imagem":"https:\/\/images.futebolinterior.com.br\/2021\/04\/0002050292987_img-300x169.jpg","resumo":"Para o duelo contra a Ferrovi\u00e1ria, projeto trocou 3000 ingressos e doou 10 mil garrafas pet para cooperativa de Lins "},"419696":{"titulo":"Campe\u00e3o em 2001, zagueiro deixa o Botafogo-SP para assinar com o Atl\u00e9tico-PR","link":"https:\/\/www.futebolinterior.com.br\/campeao-em-2001-zagueiro-deixa-o-botafogo-sp-para-assinar-com-o-atletico-pr\/","chapeu":"AI SIM","data":"05\/02\/2018","imagem":"https:\/\/images.futebolinterior.com.br\/2021\/04\/0002050292983_img-300x200.jpg","resumo":"Rog\u00e9rio Corr\u00eaa anunciou neste final de semana que est\u00e1 deixando o Botafogo-SP"},"419698":{"titulo":"Pauist\u00e3o: Os Campe\u00f5es da Bola transmitem Ferrovi\u00e1ria e Linense","link":"https:\/\/www.futebolinterior.com.br\/pauistao-os-campeoes-da-bola-transmitem-ferroviaria-e-linense\/","chapeu":"QUE TIME!","data":"05\/02\/2018","imagem":"https:\/\/images.futebolinterior.com.br\/2021\/04\/0002050292982_img-300x171.jpg","resumo":"\u00c0s 20h desta segunda-feira, o time gren\u00e1 encara o Elefante, no Gilbert\u00e3o"},"419710":{"titulo":"Paulist\u00e3o: Jailson amplia sua invencibilidade no gol do Palmeiras para 26 jogos","link":"https:\/\/www.futebolinterior.com.br\/paulistao-jailson-amplia-sua-invencibilidade-no-gol-do-palmeiras-para-26-jogos\/","chapeu":"CRESCENDO","data":"05\/02\/2018","imagem":"https:\/\/images.futebolinterior.com.br\/2021\/04\/0002050292973_img-300x176.jpg","resumo":"O goleiro Jailson atingiu contra o Santos, neste domingo, a 26\u00aa partida consecutiva de invencibilidade pelo Palmeiras"},"419719":{"titulo":"Paulist\u00e3o: Nene reconhece falta de entrosamento e projeta melhora no S\u00e3o Paulo","link":"https:\/\/www.futebolinterior.com.br\/paulistao-nene-reconhece-falta-de-entrosamento-e-projeta-melhora-no-sao-paulo\/","chapeu":"VAI CRESCER","data":"05\/02\/2018","imagem":"https:\/\/images.futebolinterior.com.br\/2021\/04\/0002050292971_img-300x188.jpg","resumo":"O meia Nene, principal novidade do S\u00e3o Paulo na vit\u00f3ria por 2 a 0 sobre o Botafogo-SP, no s\u00e1bado, pela quinta rodada do Paulist\u00e3o, reconhece que precisar\u00e1 trabalhar "}}