{"419294":{"titulo":"Paulist\u00e3o: Mesmo sem an\u00fancio oficial, Vald\u00edvia j\u00e1 treina no CT do S\u00e3o Paulo","link":"https:\/\/www.futebolinterior.com.br\/paulistao-mesmo-sem-anuncio-oficial-valdivia-ja-treina-no-ct-do-sao-paulo\/","chapeu":"T\u00c1 NA \u00c1REA!","data":"06\/02\/2018","imagem":"https:\/\/images.futebolinterior.com.br\/2021\/04\/0002050293307_img-300x200.jpg","resumo":"Se confirmada, a contrata\u00e7\u00e3o do meia-atacante deve ser a \u00faltima do time tricolor neste in\u00edcio temporada"},"419300":{"titulo":"Presidente do Palmeiras lamenta recusa a \u00e1rbitro de v\u00eddeo e deseja propor projeto","link":"https:\/\/www.futebolinterior.com.br\/presidente-do-palmeiras-lamenta-recusa-a-arbitro-de-video-e-deseja-propor-projeto\/","chapeu":"EITA!","data":"06\/02\/2018","imagem":"https:\/\/images.futebolinterior.com.br\/2021\/04\/0002050293304_img-300x199.jpg","resumo":"O dirigente queria que a novidade fosse acolhida, mas garantiu que mesmo com o rev\u00e9s vai tentar levar adiante o projeto"},"419285":{"titulo":"Paulista A2: T\u00e9cnico da Penapolense elogia Oeste, mas confia em boa atua\u00e7\u00e3o da equipe","link":"https:\/\/www.futebolinterior.com.br\/paulista-a2-tecnico-da-penapolense-elogia-oeste-mas-confia-em-boa-atuacao-da-equipe\/","chapeu":"CONFIANTE!","data":"06\/02\/2018","imagem":"https:\/\/images.futebolinterior.com.br\/2021\/04\/0002050293303_img-300x225.png","resumo":"Ap\u00f3s dois trope\u00e7os, o CAP pensa na reabilita\u00e7\u00e3o no Paulista da S\u00e9rie A-2. Time est\u00e1 na terceira posi\u00e7\u00e3o com 10 pontos"},"419334":{"titulo":"S\u00e3o Paulo x Bragantino - Tricolor pode emendar a terceira vit\u00f3ria","link":"https:\/\/www.futebolinterior.com.br\/sao-paulo-x-bragantino-tricolor-pode-emendar-a-terceira-vitoria\/","chapeu":"FERA","data":"06\/02\/2018","imagem":"https:\/\/images.futebolinterior.com.br\/2021\/04\/0002050293273_img-300x187.jpg","resumo":"O S\u00e3o Paulo pode alcan\u00e7ar nesta quarta-feira um pedido antigo do torcedor: encaixar tr\u00eas vit\u00f3rias consecutivas para dar tranquilidade ao elenco"},"419317":{"titulo":"Paulist\u00e3o: Campe\u00e3o Paulista pelo Santos assume o comando do Linense","link":"https:\/\/www.futebolinterior.com.br\/paulistao-campeao-paulista-pelo-santos-assume-o-comando-do-linense\/","chapeu":"DE VOLTA!","data":"06\/02\/2018","imagem":"https:\/\/images.futebolinterior.com.br\/2021\/04\/0002050293286_img-300x166.jpg","resumo":"M\u00e1rcio Fernandes, que havia comandando o Linense em 2017, est\u00e1 de volta ao clube para mais um Paulist\u00e3o"},"419392":{"titulo":"Paulist\u00e3o: Bragantino treina forte para pegar o S\u00e3o Paulo no Morumbi","link":"https:\/\/www.futebolinterior.com.br\/paulistao-bragantino-treina-forte-para-pegar-o-sao-paulo-no-morumbi\/","chapeu":"AI SIM","data":"06\/02\/2018","imagem":"https:\/\/images.futebolinterior.com.br\/2021\/04\/0002050293264_img-300x189.jpg","resumo":"H\u00e1 tr\u00eas jogos sem vencer, o Bragantino precisa buscar nesta quarta-feira a reabilita\u00e7\u00e3o no Campeonato Paulista da S\u00e9rie A1"},"419377":{"titulo":"Paulist\u00e3o: Andr\u00e9s v\u00ea acordo por Itaquer\u00e3o como prioridade e promete gest\u00e3o atrevida","link":"https:\/\/www.futebolinterior.com.br\/paulistao-andres-ve-acordo-por-itaquerao-como-prioridade-e-promete-gestao-atrevida\/","chapeu":"NOVA GEST\u00c3O!","data":"06\/02\/2018","imagem":"https:\/\/images.futebolinterior.com.br\/2021\/04\/0002050293257_img-300x200.jpg","resumo":"Dirigente afirmou que d\u00edvida do est\u00e1dio \u00e9 de R$ 1,2 bilh\u00e3o. Ele pretende resolver problema junto \u00e0 Caixa e Odebrecht"},"419370":{"titulo":"Paulist\u00e3o: Diogo Barbosa treina no campo e se aproxima de estreia no Palmeiras","link":"https:\/\/www.futebolinterior.com.br\/paulistao-diogo-barbosa-treina-no-campo-e-se-aproxima-de-estreia-no-palmeiras\/","chapeu":"QUASE L\u00c1!","data":"06\/02\/2018","imagem":"https:\/\/images.futebolinterior.com.br\/2021\/04\/0002050293252_img-187x300.jpg","resumo":"Lateral havia se machucado em jogo-treino na Academia de Futebol, antes mesmo do in\u00edcio do Campeonato Paulista"},"419383":{"titulo":"Paulist\u00e3o: \u201cLateral artilheiro\u201d ganha espa\u00e7o e se destaca pelo Ituano no Paulist\u00e3o","link":"https:\/\/www.futebolinterior.com.br\/paulistao-lateral-artilheiro-ganha-espaco-e-se-destaca-pelo-ituano-no-paulistao\/","chapeu":"PROMETE!","data":"06\/02\/2018","imagem":"https:\/\/images.futebolinterior.com.br\/2021\/04\/0002050293242_img-300x180.jpg","resumo":"Igor Vin\u00edcius, logo em sua primeira sequ\u00eancia no profissonal, j\u00e1 fez gols importantes para o Galo de Itu"},"419408":{"titulo":"Paulist\u00e3o: Daniel Guedes se diz pronto para seguir como titular no Santos","link":"https:\/\/www.futebolinterior.com.br\/paulistao-daniel-guedes-se-diz-pronto-para-seguir-como-titular-no-santos\/","chapeu":"PARA SEGUIR BEM","data":"06\/02\/2018","imagem":"https:\/\/images.futebolinterior.com.br\/2021\/04\/0002050293236_img-300x200.jpg","resumo":"Com possibilidade de sair do time quando Victor Ferraz estiver livre do problema no ombro, Daniel Guedes garantiu torce pelo jogador"}}