{"586788":{"titulo":"Ponte Preta queima dois goleiros e confirma C\u00e9sar, o terceiro reserva do Flamengo","link":"https:\/\/www.futebolinterior.com.br\/ponte-preta-queima-dois-goleiros-e-confirma-cesar-o-terceiro-reserva-do-flamengo\/","chapeu":"QUEIMADA DUPLA","data":"05\/02\/2016","imagem":"https:\/\/images.futebolinterior.com.br\/2021\/04\/0002050141221_img-300x241.jpg","resumo":"A diretoria confirmou, no final da tarde, o acerto com o Flamengo para a vinda de C\u00e9sar, terceiro goleiro da G\u00e1vea"},"586811":{"titulo":"Paulist\u00e3o: 'Poder\u00edamos ter vencido o Palmeiras', lamenta t\u00e9cnico do S\u00e3o Bento","link":"https:\/\/www.futebolinterior.com.br\/paulistao-poderiamos-ter-vencido-o-palmeiras-lamenta-tecnico-do-sao-bento\/","chapeu":"UMA PENA","data":"05\/02\/2016","imagem":"https:\/\/images.futebolinterior.com.br\/2021\/04\/0002050141203_img-300x200.jpg","resumo":"O treinador salientou que foi um jogo muito dif\u00edcil e durante a semana se procurou estudar o Palmeiras de todas as formas"},"586838":{"titulo":"Paulist\u00e3o: Dorival J\u00fanior rejeita poupar jogadores contra o Ituano","link":"https:\/\/www.futebolinterior.com.br\/paulistao-dorival-junior-rejeita-poupar-jogadores-contra-o-ituano\/","chapeu":"MANT\u00c9M","data":"05\/02\/2016","imagem":"https:\/\/images.futebolinterior.com.br\/2021\/04\/0002050141189_img-300x130.jpg","resumo":"A partida deste s\u00e1bado ser\u00e1 disputada \u00e0s 11 horas, a pedido do pr\u00f3prio Santos, em raz\u00e3o das festividades do carnaval"},"586864":{"titulo":"Paulist\u00e3o: Bauza arma S\u00e3o Paulo com quatro atacantes para enfrentar o \u00c1gua Santa","link":"https:\/\/www.futebolinterior.com.br\/paulistao-bauza-arma-sao-paulo-com-quatro-atacantes-para-enfrentar-o-agua-santa\/","chapeu":"MUDAN\u00c7AS","data":"05\/02\/2016","imagem":"https:\/\/images.futebolinterior.com.br\/2021\/04\/0002050141185_img-300x238.jpg","resumo":"O treinador vai manter do time titular apenas o goleiro D\u00eanis, o zagueiro Rodrigo Caio e o volante Hudson"},"586890":{"titulo":"Paulist\u00e3o: Controlar a ansiedade \u00e9 o principal desafio de volante no Palmeiras","link":"https:\/\/www.futebolinterior.com.br\/paulistao-controlar-a-ansiedade-e-o-principal-desafio-de-volante-no-palmeiras\/","chapeu":"CALMA","data":"05\/02\/2016","imagem":"https:\/\/images.futebolinterior.com.br\/2021\/04\/0002050141151_img-300x225.jpg","resumo":"Inscrito para a primeira fase do Campeonato Paulista, Gabriel ainda n\u00e3o teve um teste para, de fato, mostrar o quanto est\u00e1 recuperado"},"586913":{"titulo":"Paulist\u00e3o: Ap\u00f3s boa estreia, Calleri \u00e9 elogiado por colegas no S\u00e3o Paulo","link":"https:\/\/www.futebolinterior.com.br\/paulistao-apos-boa-estreia-calleri-e-elogiado-por-colegas-no-sao-paulo\/","chapeu":"AJUDA MUITO","data":"05\/02\/2016","imagem":"https:\/\/images.futebolinterior.com.br\/2021\/04\/0002050141146_img-300x186.jpg","resumo":"Calleri entrou na segunda etapa contra o Cesar Vallejo, no Peru, pela Copa Libertadores"},"586960":{"titulo":"Santos x Ituano - Pular Carnaval pra qu\u00ea? S\u00e1bado de manh\u00e3 \u00e9 hora de futebol...","link":"https:\/\/www.futebolinterior.com.br\/santos-x-ituano-pular-carnaval-pra-que-sabado-de-manha-e-hora-de-futebol\/","chapeu":"QUEM LEVA?","data":"05\/02\/2016","imagem":"https:\/\/images.futebolinterior.com.br\/2021\/04\/0002050141092_img-300x214.jpg","resumo":"O Peixe tenta disparar na lideran\u00e7a, enquanto o Galo busca a primeira vit\u00f3ria"},"586965":{"titulo":"S\u00e3o Paulo x \u00c1gua Santa - Primeira vez \u00e9 pra sempre!","link":"https:\/\/www.futebolinterior.com.br\/sao-paulo-x-agua-santa-primeira-vez-e-pra-sempre\/","chapeu":"HIST\u00d3RICO!","data":"05\/02\/2016","imagem":"https:\/\/images.futebolinterior.com.br\/2021\/04\/0002050141086_img-300x200.jpg","resumo":"Nunca antes o Netuno havia enfrentado um grande paulista numa partida oficial. Chegou a hora..."},"586931":{"titulo":"Paulist\u00e3o: Diretor do Audax fala da partida contra Corinthians: 'foi hist\u00f3rica'","link":"https:\/\/www.futebolinterior.com.br\/paulistao-diretor-do-audax-fala-da-partida-contra-corinthians-foi-historica\/","chapeu":"GRANDE ATRA\u00c7\u00c3O!","data":"05\/02\/2016","imagem":"https:\/\/images.futebolinterior.com.br\/2021\/04\/0002050141113_img-300x160.jpg","resumo":"Ap\u00f3s a derrota para o time do Corinthians o diretor de futebol do Osasco Audax, Nei Teixeira, falou sobre o jogo diante do Corinthians"},"587031":{"titulo":"PAULIST\u00c3O: Santos e S\u00e3o Paulo v\u00e3o de 'mist\u00e3o' contra times do interior","link":"https:\/\/www.futebolinterior.com.br\/paulistao-santos-e-sao-paulo-vao-de-mistao-contra-times-do-interior\/","chapeu":"CUIDADO!","data":"05\/02\/2016","imagem":"https:\/\/images.futebolinterior.com.br\/2021\/04\/0002050141048_img-300x193.jpg","resumo":"\u00c1gua Santa quer assumir a ponta do grupo do Corinthians, enquanto o Ituano tenta a primeira vit\u00f3ria"}}